{"id":9890,"date":"2018-10-26T15:23:00","date_gmt":"2018-10-26T12:23:00","guid":{"rendered":"https:\/\/www.african-court.org\/afchpr\/?p=9890"},"modified":"2022-03-23T11:59:10","modified_gmt":"2022-03-23T08:59:10","slug":"requete-029-2018-oumar-mariko-c-republique-du-mali","status":"publish","type":"post","link":"https:\/\/www.african-court.org\/afchpr\/requete-029-2018-oumar-mariko-c-republique-du-mali\/?lang=fr","title":{"rendered":"Requ\u00eate 029\/2018 &#8211; Oumar Mariko c. R\u00e9publique du Mali"},"content":{"rendered":"\n<p><strong><u>R\u00c9SUM\u00c9 DE LA REQU\u00caTE INTRODUCTIVE D\u2019INSTANCE<\/u><\/strong><\/p>\n\n\n\n<p><strong><a href=\"https:\/\/www.african-court.org\/cpmt\/fr\/details-case\/0292018\">REQU\u00caTE N\u00b0029\/2018<\/a><\/strong><\/p>\n\n\n\n<p>Le 17 novembre 2018, Oumar MARIKO (ci-apr\u00e8s, \u00ab&nbsp;le Requ\u00e9rant&nbsp;\u00bb) a saisi la Cour africaine des droits de l\u2019homme et de peuples (ci \u2013 apr\u00e8s, \u00ab&nbsp;la Cour&nbsp;\u00bb) d\u2019une Requ\u00eate introductive d\u2019instance dirig\u00e9e contre la R\u00e9publique du Mali (ci-apr\u00e8s, \u00ab&nbsp;Etat d\u00e9fendeur&nbsp;\u00bb).<\/p>\n\n\n\n<p>Dans ladite requ\u00eate, le Requ\u00e9rant a all\u00e9gu\u00e9 la violation des droits suivants : Le droit \u00e0 ce que sa cause soit entendue, en particulier, le droit d\u2019\u00eatre jug\u00e9 dans un d\u00e9lai raisonnable, le droit d\u2019\u00eatre jug\u00e9 par une juridiction impartiale, prot\u00e9g\u00e9s par l\u2019article 7(1) (d) et le principe du contradictoire, prot\u00e9g\u00e9 par les articles 7(1) de la Charte et 14(1) du Pacte International relatif aux droits civils et politiques (ci-apr\u00e8s d\u00e9sign\u00e9e \u00ab&nbsp;PIDCP&nbsp;\u00bb)&nbsp;; les droits \u00e0 une totale \u00e9galit\u00e9 devant la loi et \u00e0 une \u00e9gale protection de la loi, prot\u00e9g\u00e9s par l\u2019article 3 de la Charte&nbsp;; le droit de voter et d\u2019\u00eatre \u00e9lu, au cours d\u2019\u00e9lections p\u00e9riodiques, honn\u00eates, au suffrage universel et \u00e9gal et au scrutin secret, assurant l\u2019expression libre de la volont\u00e9 des \u00e9lecteurs, prot\u00e9g\u00e9 l\u2019article 25(2) du PIDCP.<\/p>\n\n\n\n<p>Au titre des r\u00e9parations, le Requ\u00e9rant demande \u00e0 la Cour d\u2019une part, d\u2019ordonner \u00e0 l\u2019\u00c9tat d\u00e9fendeur de r\u00e9viser la loi organique sur la Cour constitutionnelle aux fins de pr\u00e9voir un cadre juridique de r\u00e9cusation de ses membres statuant en mati\u00e8re de contentieux \u00e9lectoral, l\u2019article 91 de la Constitution, la loi organique sur la Cour constitutionnelle, le R\u00e8glement int\u00e9rieur de ladite Cour aux fins de les rendre conformes aux articles, 3 de la Charte, 17(2) de la CADEG et 7 du Protocole de la CEDEAO sur la d\u00e9mocratie, la loi \u00e9lectorale aux fins de la rendre conforme aux articles 17(1) et 3 du Protocole de la CEDEAO. D\u2019autre part, il demande \u00e0 la Cour d\u2019ordonner \u00e0 l\u2019\u00c9tat d\u00e9fendeur de lui restituer la somme de vingt-cinq millions (25.000.000) Francs CFA vers\u00e9e \u00e0 titre de caution pour l\u2019\u00e9lectionpr\u00e9sidentielle du 29 juillet 2018&nbsp;et de lui payer la somme de cent millions (100.000.000) francs CFA, \u00e0 titre de dommages et int\u00e9r\u00eats pour le pr\u00e9judice subi, ainsi que toute autre mesure appropri\u00e9e.<\/p>\n\n\n\n<p><strong>Faits<\/strong><\/p>\n\n\n\n<p>Le Requ\u00e9rant fait valoir que l\u2019\u00e9lection pr\u00e9sidentielle du 29 juillet 2018 \u00e0 laquelle il \u00e9tait candidat \u00e9tait irr\u00e9guli\u00e8re. Selon lui, les d\u00e9cisions judiciaires rendues en violation de ses droits, l\u2019absence d\u2019ind\u00e9pendance et d\u2019impartialit\u00e9 des organes \u00e9lectoraux ainsi que la pr\u00e9dominance du minist\u00e8re de l\u2019administration territoriale (ci-apr\u00e8s, \u00ab&nbsp;MAT&nbsp;\u00bb) dans le processus \u00e9lectoral ont concouru \u00e0 son \u00e9limination d\u00e8s le premier tour du scrutin.<\/p>\n\n\n\n<p>Pour toute information compl\u00e9mentaire, veuillez contacter le Greffe \u00e0 l\u2019adresse \u00e9lectronique <a href=\"mailto:registrar@african-court.org\">registrar@african-court.org<\/a> ou consulter notre site internet <a href=\"http:\/\/www.african-court.org\">www.african-court.org<\/a><\/p>\n\n\n\n<p><em>La Cour africaine des droits de l\u2019homme et des peuples est une juridiction continentale cr\u00e9\u00e9e par les pays africains pour assurer la protection des droits de l\u2019homme et des peuples en Afrique. La Cour est comp\u00e9tente pour conna\u00eetre de toutes les affaires et de tous les diff\u00e9rends dont elle est saisie concernant l\u2019interpr\u00e9tation et l\u2019application de la Charte africaine des droits de l\u2019homme et des peuples et de tout autre instrument pertinent relatif aux droits de l\u2019homme, ratifi\u00e9 par l\u2019\u00c9tat concern\u00e9.<\/em><\/p>\n\n\n\n<div class=\"wp-block-buttons is-layout-flex wp-block-buttons-is-layout-flex\">\n<div class=\"wp-block-button has-custom-font-size has-small-font-size\"><a class=\"wp-block-button__link\" href=\"https:\/\/www.african-court.org\/cpmt\/fr\/details-case\/0292018\">Suivre l&#8217;affaire<\/a><\/div>\n<\/div>\n","protected":false},"excerpt":{"rendered":"<p>R\u00c9SUM\u00c9 DE LA REQU\u00caTE INTRODUCTIVE D\u2019INSTANCE REQU\u00caTE N\u00b0029\/2018 Le 17 novembre 2018, Oumar MARIKO (ci-apr\u00e8s, \u00ab&nbsp;le Requ\u00e9rant&nbsp;\u00bb) a saisi la Cour africaine des droits de l\u2019homme et de peuples (ci \u2013 apr\u00e8s, \u00ab&nbsp;la Cour&nbsp;\u00bb) d\u2019une Requ\u00eate introductive d\u2019instance dirig\u00e9e contre la R\u00e9publique du Mali (ci-apr\u00e8s, \u00ab&nbsp;Etat d\u00e9fendeur&nbsp;\u00bb). Dans ladite requ\u00eate, le Requ\u00e9rant a all\u00e9gu\u00e9 la [&hellip;]<\/p>\n","protected":false},"author":25,"featured_media":0,"comment_status":"closed","ping_status":"closed","sticky":false,"template":"","format":"standard","meta":{"jnews-multi-image_gallery":[],"jnews_single_post":[],"jnews_primary_category":[],"jnews_social_meta":[],"jnews_override_counter":[],"jnews_post_split":[],"footnotes":""},"categories":[284,286,285],"tags":[],"class_list":["post-9890","post","type-post","status-publish","format-standard","hentry","category-affaires","category-affaires-pendantes","category-affaires-tranchees"],"yoast_head":"<!-- This site is optimized with the Yoast SEO plugin v27.4 - https:\/\/yoast.com\/product\/yoast-seo-wordpress\/ -->\n<title>Requ\u00eate 029\/2018 - Oumar Mariko c. R\u00e9publique du Mali - African Court on Human and Peoples&#039; Rights<\/title>\n<meta name=\"description\" content=\"Le Requ\u00e9rant fait valoir que l\u2019\u00e9lection pr\u00e9sidentielle du 29 juillet 2018 \u00e0 laquelle il \u00e9tait candidat \u00e9tait irr\u00e9guli\u00e8re. Selon lui, les d\u00e9cisions judiciaires rendues en violation de ses droits, l\u2019absence d\u2019ind\u00e9pendance et d\u2019impartialit\u00e9 des organes \u00e9lectoraux ainsi que la pr\u00e9dominance du minist\u00e8re de l\u2019administration territoriale (ci-apr\u00e8s, \u00ab\u00a0MAT\u00a0\u00bb) dans le processus \u00e9lectoral ont concouru \u00e0 son \u00e9limination d\u00e8s le premier tour du scrutin.\" \/>\n<meta name=\"robots\" content=\"index, follow, max-snippet:-1, max-image-preview:large, max-video-preview:-1\" \/>\n<link rel=\"canonical\" href=\"https:\/\/www.african-court.org\/afchpr\/requete-029-2018-oumar-mariko-c-republique-du-mali\/\" \/>\n<meta property=\"og:locale\" content=\"en_US\" \/>\n<meta property=\"og:type\" content=\"article\" \/>\n<meta property=\"og:title\" content=\"Requ\u00eate 029\/2018 - Oumar Mariko c. R\u00e9publique du Mali - African Court on Human and Peoples&#039; Rights\" \/>\n<meta property=\"og:description\" content=\"Le Requ\u00e9rant fait valoir que l\u2019\u00e9lection pr\u00e9sidentielle du 29 juillet 2018 \u00e0 laquelle il \u00e9tait candidat \u00e9tait irr\u00e9guli\u00e8re. Selon lui, les d\u00e9cisions judiciaires rendues en violation de ses droits, l\u2019absence d\u2019ind\u00e9pendance et d\u2019impartialit\u00e9 des organes \u00e9lectoraux ainsi que la pr\u00e9dominance du minist\u00e8re de l\u2019administration territoriale (ci-apr\u00e8s, \u00ab\u00a0MAT\u00a0\u00bb) dans le processus \u00e9lectoral ont concouru \u00e0 son \u00e9limination d\u00e8s le premier tour du scrutin.\" \/>\n<meta property=\"og:url\" content=\"https:\/\/www.african-court.org\/afchpr\/requete-029-2018-oumar-mariko-c-republique-du-mali\/?lang=fr\" \/>\n<meta property=\"og:site_name\" content=\"African Court on Human and Peoples&#039; Rights\" \/>\n<meta property=\"article:publisher\" content=\"https:\/\/www.facebook.com\/afchpr\" \/>\n<meta property=\"article:published_time\" content=\"2018-10-26T12:23:00+00:00\" \/>\n<meta property=\"article:modified_time\" content=\"2022-03-23T08:59:10+00:00\" \/>\n<meta name=\"author\" content=\"Michel Kpaossou\" \/>\n<meta name=\"twitter:card\" content=\"summary_large_image\" \/>\n<meta name=\"twitter:label1\" content=\"Written by\" \/>\n\t<meta name=\"twitter:data1\" content=\"Michel Kpaossou\" \/>\n\t<meta name=\"twitter:label2\" content=\"Est. reading time\" \/>\n\t<meta name=\"twitter:data2\" content=\"3 minutes\" \/>\n<script type=\"application\/ld+json\" class=\"yoast-schema-graph\">{\"@context\":\"https:\\\/\\\/schema.org\",\"@graph\":[{\"@type\":\"Article\",\"@id\":\"https:\\\/\\\/www.african-court.org\\\/afchpr\\\/requete-029-2018-oumar-mariko-c-republique-du-mali\\\/?lang=fr#article\",\"isPartOf\":{\"@id\":\"https:\\\/\\\/www.african-court.org\\\/afchpr\\\/requete-029-2018-oumar-mariko-c-republique-du-mali\\\/?lang=fr\"},\"author\":{\"name\":\"Michel Kpaossou\",\"@id\":\"https:\\\/\\\/www.african-court.org\\\/afchpr\\\/#\\\/schema\\\/person\\\/f076c91274e978094b1db3c4d490dbc0\"},\"headline\":\"Requ\u00eate 029\\\/2018 &#8211; Oumar Mariko c. R\u00e9publique du Mali\",\"datePublished\":\"2018-10-26T12:23:00+00:00\",\"dateModified\":\"2022-03-23T08:59:10+00:00\",\"mainEntityOfPage\":{\"@id\":\"https:\\\/\\\/www.african-court.org\\\/afchpr\\\/requete-029-2018-oumar-mariko-c-republique-du-mali\\\/?lang=fr\"},\"wordCount\":595,\"publisher\":{\"@id\":\"https:\\\/\\\/www.african-court.org\\\/afchpr\\\/#organization\"},\"articleSection\":[\"Affaires\",\"Affaires pendantes\",\"Affaires tranch\u00e9es\"],\"inLanguage\":\"en-US\"},{\"@type\":\"WebPage\",\"@id\":\"https:\\\/\\\/www.african-court.org\\\/afchpr\\\/requete-029-2018-oumar-mariko-c-republique-du-mali\\\/?lang=fr\",\"url\":\"https:\\\/\\\/www.african-court.org\\\/afchpr\\\/requete-029-2018-oumar-mariko-c-republique-du-mali\\\/?lang=fr\",\"name\":\"Requ\u00eate 029\\\/2018 - Oumar Mariko c. R\u00e9publique du Mali - African Court on Human and Peoples&#039; Rights\",\"isPartOf\":{\"@id\":\"https:\\\/\\\/www.african-court.org\\\/afchpr\\\/#website\"},\"datePublished\":\"2018-10-26T12:23:00+00:00\",\"dateModified\":\"2022-03-23T08:59:10+00:00\",\"description\":\"Le Requ\u00e9rant fait valoir que l\u2019\u00e9lection pr\u00e9sidentielle du 29 juillet 2018 \u00e0 laquelle il \u00e9tait candidat \u00e9tait irr\u00e9guli\u00e8re. Selon lui, les d\u00e9cisions judiciaires rendues en violation de ses droits, l\u2019absence d\u2019ind\u00e9pendance et d\u2019impartialit\u00e9 des organes \u00e9lectoraux ainsi que la pr\u00e9dominance du minist\u00e8re de l\u2019administration territoriale (ci-apr\u00e8s, \u00ab\u00a0MAT\u00a0\u00bb) dans le processus \u00e9lectoral ont concouru \u00e0 son \u00e9limination d\u00e8s le premier tour du scrutin.\",\"breadcrumb\":{\"@id\":\"https:\\\/\\\/www.african-court.org\\\/afchpr\\\/requete-029-2018-oumar-mariko-c-republique-du-mali\\\/?lang=fr#breadcrumb\"},\"inLanguage\":\"en-US\",\"potentialAction\":[{\"@type\":\"ReadAction\",\"target\":[\"https:\\\/\\\/www.african-court.org\\\/afchpr\\\/requete-029-2018-oumar-mariko-c-republique-du-mali\\\/?lang=fr\"]}]},{\"@type\":\"BreadcrumbList\",\"@id\":\"https:\\\/\\\/www.african-court.org\\\/afchpr\\\/requete-029-2018-oumar-mariko-c-republique-du-mali\\\/?lang=fr#breadcrumb\",\"itemListElement\":[{\"@type\":\"ListItem\",\"position\":1,\"name\":\"Home\",\"item\":\"https:\\\/\\\/www.african-court.org\\\/afchpr\\\/\"},{\"@type\":\"ListItem\",\"position\":2,\"name\":\"Requ\u00eate 029\\\/2018 &#8211; Oumar Mariko c. R\u00e9publique du Mali\"}]},{\"@type\":\"WebSite\",\"@id\":\"https:\\\/\\\/www.african-court.org\\\/afchpr\\\/#website\",\"url\":\"https:\\\/\\\/www.african-court.org\\\/afchpr\\\/\",\"name\":\"African Court on Human and Peoples&#039; Rights\",\"description\":\"Protecting human rights in Africa\",\"publisher\":{\"@id\":\"https:\\\/\\\/www.african-court.org\\\/afchpr\\\/#organization\"},\"potentialAction\":[{\"@type\":\"SearchAction\",\"target\":{\"@type\":\"EntryPoint\",\"urlTemplate\":\"https:\\\/\\\/www.african-court.org\\\/afchpr\\\/?s={search_term_string}\"},\"query-input\":{\"@type\":\"PropertyValueSpecification\",\"valueRequired\":true,\"valueName\":\"search_term_string\"}}],\"inLanguage\":\"en-US\"},{\"@type\":\"Organization\",\"@id\":\"https:\\\/\\\/www.african-court.org\\\/afchpr\\\/#organization\",\"name\":\"African court on human and peoples' rights\",\"url\":\"https:\\\/\\\/www.african-court.org\\\/afchpr\\\/\",\"logo\":{\"@type\":\"ImageObject\",\"inLanguage\":\"en-US\",\"@id\":\"https:\\\/\\\/www.african-court.org\\\/afchpr\\\/#\\\/schema\\\/logo\\\/image\\\/\",\"url\":\"https:\\\/\\\/www.african-court.org\\\/wpafc\\\/wp-content\\\/uploads\\\/2020\\\/04\\\/African-Court-logo.png\",\"contentUrl\":\"https:\\\/\\\/www.african-court.org\\\/wpafc\\\/wp-content\\\/uploads\\\/2020\\\/04\\\/African-Court-logo.png\",\"width\":835,\"height\":835,\"caption\":\"African court on human and peoples' rights\"},\"image\":{\"@id\":\"https:\\\/\\\/www.african-court.org\\\/afchpr\\\/#\\\/schema\\\/logo\\\/image\\\/\"},\"sameAs\":[\"https:\\\/\\\/www.facebook.com\\\/afchpr\",\"https:\\\/\\\/www.youtube.com\\\/user\\\/africancourt\"]},{\"@type\":\"Person\",\"@id\":\"https:\\\/\\\/www.african-court.org\\\/afchpr\\\/#\\\/schema\\\/person\\\/f076c91274e978094b1db3c4d490dbc0\",\"name\":\"Michel Kpaossou\",\"image\":{\"@type\":\"ImageObject\",\"inLanguage\":\"en-US\",\"@id\":\"https:\\\/\\\/secure.gravatar.com\\\/avatar\\\/4ac58462346a33c6e13b9c5a2e09c7db6ce4e7b51d13772836d78ad747f814be?s=96&d=mm&r=g\",\"url\":\"https:\\\/\\\/secure.gravatar.com\\\/avatar\\\/4ac58462346a33c6e13b9c5a2e09c7db6ce4e7b51d13772836d78ad747f814be?s=96&d=mm&r=g\",\"contentUrl\":\"https:\\\/\\\/secure.gravatar.com\\\/avatar\\\/4ac58462346a33c6e13b9c5a2e09c7db6ce4e7b51d13772836d78ad747f814be?s=96&d=mm&r=g\",\"caption\":\"Michel Kpaossou\"},\"url\":\"https:\\\/\\\/www.african-court.org\\\/afchpr\\\/author\\\/michelk\\\/\"}]}<\/script>\n<!-- \/ Yoast SEO plugin. -->","yoast_head_json":{"title":"Requ\u00eate 029\/2018 - Oumar Mariko c. R\u00e9publique du Mali - African Court on Human and Peoples&#039; Rights","description":"Le Requ\u00e9rant fait valoir que l\u2019\u00e9lection pr\u00e9sidentielle du 29 juillet 2018 \u00e0 laquelle il \u00e9tait candidat \u00e9tait irr\u00e9guli\u00e8re. Selon lui, les d\u00e9cisions judiciaires rendues en violation de ses droits, l\u2019absence d\u2019ind\u00e9pendance et d\u2019impartialit\u00e9 des organes \u00e9lectoraux ainsi que la pr\u00e9dominance du minist\u00e8re de l\u2019administration territoriale (ci-apr\u00e8s, \u00ab\u00a0MAT\u00a0\u00bb) dans le processus \u00e9lectoral ont concouru \u00e0 son \u00e9limination d\u00e8s le premier tour du scrutin.","robots":{"index":"index","follow":"follow","max-snippet":"max-snippet:-1","max-image-preview":"max-image-preview:large","max-video-preview":"max-video-preview:-1"},"canonical":"https:\/\/www.african-court.org\/afchpr\/requete-029-2018-oumar-mariko-c-republique-du-mali\/","og_locale":"en_US","og_type":"article","og_title":"Requ\u00eate 029\/2018 - Oumar Mariko c. R\u00e9publique du Mali - African Court on Human and Peoples&#039; Rights","og_description":"Le Requ\u00e9rant fait valoir que l\u2019\u00e9lection pr\u00e9sidentielle du 29 juillet 2018 \u00e0 laquelle il \u00e9tait candidat \u00e9tait irr\u00e9guli\u00e8re. Selon lui, les d\u00e9cisions judiciaires rendues en violation de ses droits, l\u2019absence d\u2019ind\u00e9pendance et d\u2019impartialit\u00e9 des organes \u00e9lectoraux ainsi que la pr\u00e9dominance du minist\u00e8re de l\u2019administration territoriale (ci-apr\u00e8s, \u00ab\u00a0MAT\u00a0\u00bb) dans le processus \u00e9lectoral ont concouru \u00e0 son \u00e9limination d\u00e8s le premier tour du scrutin.","og_url":"https:\/\/www.african-court.org\/afchpr\/requete-029-2018-oumar-mariko-c-republique-du-mali\/?lang=fr","og_site_name":"African Court on Human and Peoples&#039; Rights","article_publisher":"https:\/\/www.facebook.com\/afchpr","article_published_time":"2018-10-26T12:23:00+00:00","article_modified_time":"2022-03-23T08:59:10+00:00","author":"Michel Kpaossou","twitter_card":"summary_large_image","twitter_misc":{"Written by":"Michel Kpaossou","Est. reading time":"3 minutes"},"schema":{"@context":"https:\/\/schema.org","@graph":[{"@type":"Article","@id":"https:\/\/www.african-court.org\/afchpr\/requete-029-2018-oumar-mariko-c-republique-du-mali\/?lang=fr#article","isPartOf":{"@id":"https:\/\/www.african-court.org\/afchpr\/requete-029-2018-oumar-mariko-c-republique-du-mali\/?lang=fr"},"author":{"name":"Michel Kpaossou","@id":"https:\/\/www.african-court.org\/afchpr\/#\/schema\/person\/f076c91274e978094b1db3c4d490dbc0"},"headline":"Requ\u00eate 029\/2018 &#8211; Oumar Mariko c. R\u00e9publique du Mali","datePublished":"2018-10-26T12:23:00+00:00","dateModified":"2022-03-23T08:59:10+00:00","mainEntityOfPage":{"@id":"https:\/\/www.african-court.org\/afchpr\/requete-029-2018-oumar-mariko-c-republique-du-mali\/?lang=fr"},"wordCount":595,"publisher":{"@id":"https:\/\/www.african-court.org\/afchpr\/#organization"},"articleSection":["Affaires","Affaires pendantes","Affaires tranch\u00e9es"],"inLanguage":"en-US"},{"@type":"WebPage","@id":"https:\/\/www.african-court.org\/afchpr\/requete-029-2018-oumar-mariko-c-republique-du-mali\/?lang=fr","url":"https:\/\/www.african-court.org\/afchpr\/requete-029-2018-oumar-mariko-c-republique-du-mali\/?lang=fr","name":"Requ\u00eate 029\/2018 - Oumar Mariko c. R\u00e9publique du Mali - African Court on Human and Peoples&#039; Rights","isPartOf":{"@id":"https:\/\/www.african-court.org\/afchpr\/#website"},"datePublished":"2018-10-26T12:23:00+00:00","dateModified":"2022-03-23T08:59:10+00:00","description":"Le Requ\u00e9rant fait valoir que l\u2019\u00e9lection pr\u00e9sidentielle du 29 juillet 2018 \u00e0 laquelle il \u00e9tait candidat \u00e9tait irr\u00e9guli\u00e8re. Selon lui, les d\u00e9cisions judiciaires rendues en violation de ses droits, l\u2019absence d\u2019ind\u00e9pendance et d\u2019impartialit\u00e9 des organes \u00e9lectoraux ainsi que la pr\u00e9dominance du minist\u00e8re de l\u2019administration territoriale (ci-apr\u00e8s, \u00ab\u00a0MAT\u00a0\u00bb) dans le processus \u00e9lectoral ont concouru \u00e0 son \u00e9limination d\u00e8s le premier tour du scrutin.","breadcrumb":{"@id":"https:\/\/www.african-court.org\/afchpr\/requete-029-2018-oumar-mariko-c-republique-du-mali\/?lang=fr#breadcrumb"},"inLanguage":"en-US","potentialAction":[{"@type":"ReadAction","target":["https:\/\/www.african-court.org\/afchpr\/requete-029-2018-oumar-mariko-c-republique-du-mali\/?lang=fr"]}]},{"@type":"BreadcrumbList","@id":"https:\/\/www.african-court.org\/afchpr\/requete-029-2018-oumar-mariko-c-republique-du-mali\/?lang=fr#breadcrumb","itemListElement":[{"@type":"ListItem","position":1,"name":"Home","item":"https:\/\/www.african-court.org\/afchpr\/"},{"@type":"ListItem","position":2,"name":"Requ\u00eate 029\/2018 &#8211; Oumar Mariko c. R\u00e9publique du Mali"}]},{"@type":"WebSite","@id":"https:\/\/www.african-court.org\/afchpr\/#website","url":"https:\/\/www.african-court.org\/afchpr\/","name":"African Court on Human and Peoples&#039; Rights","description":"Protecting human rights in Africa","publisher":{"@id":"https:\/\/www.african-court.org\/afchpr\/#organization"},"potentialAction":[{"@type":"SearchAction","target":{"@type":"EntryPoint","urlTemplate":"https:\/\/www.african-court.org\/afchpr\/?s={search_term_string}"},"query-input":{"@type":"PropertyValueSpecification","valueRequired":true,"valueName":"search_term_string"}}],"inLanguage":"en-US"},{"@type":"Organization","@id":"https:\/\/www.african-court.org\/afchpr\/#organization","name":"African court on human and peoples' rights","url":"https:\/\/www.african-court.org\/afchpr\/","logo":{"@type":"ImageObject","inLanguage":"en-US","@id":"https:\/\/www.african-court.org\/afchpr\/#\/schema\/logo\/image\/","url":"https:\/\/www.african-court.org\/wpafc\/wp-content\/uploads\/2020\/04\/African-Court-logo.png","contentUrl":"https:\/\/www.african-court.org\/wpafc\/wp-content\/uploads\/2020\/04\/African-Court-logo.png","width":835,"height":835,"caption":"African court on human and peoples' rights"},"image":{"@id":"https:\/\/www.african-court.org\/afchpr\/#\/schema\/logo\/image\/"},"sameAs":["https:\/\/www.facebook.com\/afchpr","https:\/\/www.youtube.com\/user\/africancourt"]},{"@type":"Person","@id":"https:\/\/www.african-court.org\/afchpr\/#\/schema\/person\/f076c91274e978094b1db3c4d490dbc0","name":"Michel Kpaossou","image":{"@type":"ImageObject","inLanguage":"en-US","@id":"https:\/\/secure.gravatar.com\/avatar\/4ac58462346a33c6e13b9c5a2e09c7db6ce4e7b51d13772836d78ad747f814be?s=96&d=mm&r=g","url":"https:\/\/secure.gravatar.com\/avatar\/4ac58462346a33c6e13b9c5a2e09c7db6ce4e7b51d13772836d78ad747f814be?s=96&d=mm&r=g","contentUrl":"https:\/\/secure.gravatar.com\/avatar\/4ac58462346a33c6e13b9c5a2e09c7db6ce4e7b51d13772836d78ad747f814be?s=96&d=mm&r=g","caption":"Michel Kpaossou"},"url":"https:\/\/www.african-court.org\/afchpr\/author\/michelk\/"}]}},"publishpress_future_action":{"enabled":false,"date":"2026-05-03 11:15:09","action":"change-status","newStatus":"draft","terms":[],"taxonomy":"category","extraData":[]},"publishpress_future_workflow_manual_trigger":{"enabledWorkflows":[]},"post_mailing_queue_ids":[],"_links":{"self":[{"href":"https:\/\/www.african-court.org\/afchpr\/wp-json\/wp\/v2\/posts\/9890","targetHints":{"allow":["GET"]}}],"collection":[{"href":"https:\/\/www.african-court.org\/afchpr\/wp-json\/wp\/v2\/posts"}],"about":[{"href":"https:\/\/www.african-court.org\/afchpr\/wp-json\/wp\/v2\/types\/post"}],"author":[{"embeddable":true,"href":"https:\/\/www.african-court.org\/afchpr\/wp-json\/wp\/v2\/users\/25"}],"replies":[{"embeddable":true,"href":"https:\/\/www.african-court.org\/afchpr\/wp-json\/wp\/v2\/comments?post=9890"}],"version-history":[{"count":2,"href":"https:\/\/www.african-court.org\/afchpr\/wp-json\/wp\/v2\/posts\/9890\/revisions"}],"predecessor-version":[{"id":10756,"href":"https:\/\/www.african-court.org\/afchpr\/wp-json\/wp\/v2\/posts\/9890\/revisions\/10756"}],"wp:attachment":[{"href":"https:\/\/www.african-court.org\/afchpr\/wp-json\/wp\/v2\/media?parent=9890"}],"wp:term":[{"taxonomy":"category","embeddable":true,"href":"https:\/\/www.african-court.org\/afchpr\/wp-json\/wp\/v2\/categories?post=9890"},{"taxonomy":"post_tag","embeddable":true,"href":"https:\/\/www.african-court.org\/afchpr\/wp-json\/wp\/v2\/tags?post=9890"}],"curies":[{"name":"wp","href":"https:\/\/api.w.org\/{rel}","templated":true}]}}