{"id":8788,"date":"2021-10-31T23:09:38","date_gmt":"2021-10-31T20:09:38","guid":{"rendered":"https:\/\/www.african-court.org\/afchpr\/formation-a-lintention-des-professionnels-des-medias-remarques-de-cloture-par-s-e-justice-blaise-tchikaya-vice-president-de-la-cour-africaine-des-droits-de-lhomme\/"},"modified":"2021-10-31T23:41:49","modified_gmt":"2021-10-31T20:41:49","slug":"formation-a-lintention-des-professionnels-des-medias-remarques-de-cloture-par-s-e-justice-blaise-tchikaya-vice-president-de-la-cour-africaine-des-droits-de-lhomme","status":"publish","type":"post","link":"https:\/\/www.african-court.org\/afchpr\/formation-a-lintention-des-professionnels-des-medias-remarques-de-cloture-par-s-e-justice-blaise-tchikaya-vice-president-de-la-cour-africaine-des-droits-de-lhomme\/?lang=fr","title":{"rendered":"FORMATION A L\u2019INTENTION DES PROFESSIONNELS DES MEDIAS &#8211; REMARQUES DE CLOTURE PAR S.E. JUSTICE BLAISE TCHIKAYA, VICE-PRESIDENT DE LA COUR AFRICAINE DES DROITS DE L&#8217;HOMME"},"content":{"rendered":"\n<ul class=\"wp-block-list\"><li>Honorables Juges de la Cour africaine des droits de l&#8217;homme et des peuples<\/li><li>Dr Robert Eno, Greffier de la Cour<\/li><li>Membres du bureau de la Cour<\/li><li>Mesdames et Messieurs les participants<\/li><\/ul>\n\n<p>Alors que cette cinqui\u00e8me \u00e9dition de la formation aux m\u00e9dias de la Cour africaine touche \u00e0 sa fin, quelques conclusions \u00e9mergent que nous partageons tous et qui doivent \u00eatre r\u00e9it\u00e9r\u00e9es avec insistance. Premi\u00e8rement, nous sommes d&#8217;accord sur le fait que le r\u00f4le des professionnels des m\u00e9dias est encore plus important dans l&#8217;accomplissement de la mission de la Cour \u00e0 ce stade o\u00f9 elle fait face \u00e0 une crise de coop\u00e9ration avec ses principaux acteurs, les Etats. Ensuite, il s&#8217;ensuit que les m\u00e9dias ont la capacit\u00e9 de jouer un r\u00f4le important dans le processus par lequel les \u00c9tats et le public en g\u00e9n\u00e9ral regagnent confiance en la Cour. Enfin, les diff\u00e9rents \u00e9changes ont fourni aux professionnels des m\u00e9dias les outils dont ils auront besoin pour accomplir une telle mission.   <\/p>\n\n<p>J&#8217;esp\u00e8re donc que, en tant que d\u00e9fenseurs de la cause de la justice en mati\u00e8re de droits de l&#8217;homme en Afrique, vous rejoindrez d\u00e9sormais le r\u00e9seau cr\u00e9\u00e9 par la Cour depuis 2015 et que vous ferez passer le mot sur les reportages m\u00e9diatiques sensibles aux droits de l&#8217;homme.<\/p>\n\n<p>Je vous invite donc, en tant que professionnels des m\u00e9dias, \u00e0 rester au fait de l&#8217;exp\u00e9rience et des connaissances partag\u00e9es aujourd&#8217;hui lorsque vous rendrez compte des \u00e9v\u00e9nements les plus imminents de la Cour. Il s&#8217;agit notamment de la prochaine Conf\u00e9rence internationale sur la mise en \u0153uvre et l&#8217;impact des d\u00e9cisions de la Cour, qui sera suivie par le Dialogue judiciaire qui r\u00e9unira des juges des syst\u00e8mes nationaux et r\u00e9gionaux de tout le continent. D&#8217;un point de vue g\u00e9n\u00e9ral, il vous est \u00e9galement demand\u00e9 de jouer un r\u00f4le important en assurant une diffusion large et cibl\u00e9e du plan strat\u00e9gique de la Cour afin d&#8217;aider le public et les parties prenantes concern\u00e9es \u00e0 avoir une id\u00e9e claire de la vision de la Cour dans les ann\u00e9es \u00e0 venir.  <\/p>\n\n<p>Enfin, je tiens \u00e0 f\u00e9liciter une nouvelle fois l&#8217;ensemble du personnel du Greffe pour avoir organis\u00e9 avec succ\u00e8s cette activit\u00e9, dont l&#8217;importance est primordiale pour la r\u00e9alisation de la mission de la Cour. Avec ces mots, je d\u00e9clare la 5<sup>\u00e8me<\/sup> formation m\u00e9dia de la Cour Africaine close.<\/p>\n","protected":false},"excerpt":{"rendered":"<p>Honorables Juges de la Cour africaine des droits de l&#8217;homme et des peuples Dr Robert Eno, Greffier de la Cour Membres du bureau de la Cour Mesdames et Messieurs les participants Alors que cette cinqui\u00e8me \u00e9dition de la formation aux m\u00e9dias de la Cour africaine touche \u00e0 sa fin, quelques conclusions \u00e9mergent que nous partageons [&hellip;]<\/p>\n","protected":false},"author":1,"featured_media":8785,"comment_status":"closed","ping_status":"closed","sticky":false,"template":"","format":"standard","meta":{"jnews-multi-image_gallery":[],"jnews_single_post":[],"jnews_primary_category":[],"jnews_social_meta":[],"jnews_override_counter":[],"jnews_post_split":[],"footnotes":""},"categories":[97],"tags":[],"class_list":["post-8788","post","type-post","status-publish","format-standard","has-post-thumbnail","hentry","category-discours"],"yoast_head":"<!-- This site is optimized with the Yoast SEO plugin v27.4 - https:\/\/yoast.com\/product\/yoast-seo-wordpress\/ -->\n<title>FORMATION A L\u2019INTENTION DES PROFESSIONNELS DES MEDIAS - REMARQUES DE CLOTURE PAR S.E. JUSTICE BLAISE TCHIKAYA, VICE-PRESIDENT DE LA COUR AFRICAINE DES DROITS DE L&#039;HOMME - African Court on Human and Peoples&#039; Rights<\/title>\n<meta name=\"robots\" content=\"index, follow, max-snippet:-1, max-image-preview:large, max-video-preview:-1\" \/>\n<link rel=\"canonical\" href=\"https:\/\/www.african-court.org\/afchpr\/formation-a-lintention-des-professionnels-des-medias-remarques-de-cloture-par-s-e-justice-blaise-tchikaya-vice-president-de-la-cour-africaine-des-droits-de-lhomme\/\" \/>\n<meta property=\"og:locale\" content=\"en_US\" \/>\n<meta property=\"og:type\" content=\"article\" \/>\n<meta property=\"og:title\" content=\"FORMATION A L\u2019INTENTION DES PROFESSIONNELS DES MEDIAS - REMARQUES DE CLOTURE PAR S.E. JUSTICE BLAISE TCHIKAYA, VICE-PRESIDENT DE LA COUR AFRICAINE DES DROITS DE L&#039;HOMME - African Court on Human and Peoples&#039; Rights\" \/>\n<meta property=\"og:description\" content=\"Honorables Juges de la Cour africaine des droits de l&#8217;homme et des peuples Dr Robert Eno, Greffier de la Cour Membres du bureau de la Cour Mesdames et Messieurs les participants Alors que cette cinqui\u00e8me \u00e9dition de la formation aux m\u00e9dias de la Cour africaine touche \u00e0 sa fin, quelques conclusions \u00e9mergent que nous partageons [&hellip;]\" \/>\n<meta property=\"og:url\" content=\"https:\/\/www.african-court.org\/afchpr\/formation-a-lintention-des-professionnels-des-medias-remarques-de-cloture-par-s-e-justice-blaise-tchikaya-vice-president-de-la-cour-africaine-des-droits-de-lhomme\/?lang=fr\" \/>\n<meta property=\"og:site_name\" content=\"African Court on Human and Peoples&#039; Rights\" \/>\n<meta property=\"article:publisher\" content=\"https:\/\/www.facebook.com\/afchpr\" \/>\n<meta property=\"article:published_time\" content=\"2021-10-31T20:09:38+00:00\" \/>\n<meta property=\"article:modified_time\" content=\"2021-10-31T20:41:49+00:00\" \/>\n<meta property=\"og:image\" content=\"https:\/\/www.african-court.org\/afchpr\/wp-content\/uploads\/2021\/10\/Discours-de-cloture-du-vice-president--scaled.jpg\" \/>\n\t<meta property=\"og:image:width\" content=\"2560\" \/>\n\t<meta property=\"og:image:height\" content=\"1578\" \/>\n\t<meta property=\"og:image:type\" content=\"image\/jpeg\" \/>\n<meta name=\"author\" content=\"gorbiromaric\" \/>\n<meta name=\"twitter:card\" content=\"summary_large_image\" \/>\n<meta name=\"twitter:label1\" content=\"Written by\" \/>\n\t<meta name=\"twitter:data1\" content=\"gorbiromaric\" \/>\n\t<meta name=\"twitter:label2\" content=\"Est. reading time\" \/>\n\t<meta name=\"twitter:data2\" content=\"2 minutes\" \/>\n<script type=\"application\/ld+json\" class=\"yoast-schema-graph\">{\"@context\":\"https:\\\/\\\/schema.org\",\"@graph\":[{\"@type\":\"Article\",\"@id\":\"https:\\\/\\\/www.african-court.org\\\/afchpr\\\/formation-a-lintention-des-professionnels-des-medias-remarques-de-cloture-par-s-e-justice-blaise-tchikaya-vice-president-de-la-cour-africaine-des-droits-de-lhomme\\\/?lang=fr#article\",\"isPartOf\":{\"@id\":\"https:\\\/\\\/www.african-court.org\\\/afchpr\\\/formation-a-lintention-des-professionnels-des-medias-remarques-de-cloture-par-s-e-justice-blaise-tchikaya-vice-president-de-la-cour-africaine-des-droits-de-lhomme\\\/?lang=fr\"},\"author\":{\"name\":\"gorbiromaric\",\"@id\":\"https:\\\/\\\/www.african-court.org\\\/afchpr\\\/#\\\/schema\\\/person\\\/568fec949c2f77a1c6ee12ee72b4966a\"},\"headline\":\"FORMATION A L\u2019INTENTION DES PROFESSIONNELS DES MEDIAS &#8211; REMARQUES DE CLOTURE PAR S.E. JUSTICE BLAISE TCHIKAYA, VICE-PRESIDENT DE LA COUR AFRICAINE DES DROITS DE L&#8217;HOMME\",\"datePublished\":\"2021-10-31T20:09:38+00:00\",\"dateModified\":\"2021-10-31T20:41:49+00:00\",\"mainEntityOfPage\":{\"@id\":\"https:\\\/\\\/www.african-court.org\\\/afchpr\\\/formation-a-lintention-des-professionnels-des-medias-remarques-de-cloture-par-s-e-justice-blaise-tchikaya-vice-president-de-la-cour-africaine-des-droits-de-lhomme\\\/?lang=fr\"},\"wordCount\":458,\"publisher\":{\"@id\":\"https:\\\/\\\/www.african-court.org\\\/afchpr\\\/#organization\"},\"image\":{\"@id\":\"https:\\\/\\\/www.african-court.org\\\/afchpr\\\/formation-a-lintention-des-professionnels-des-medias-remarques-de-cloture-par-s-e-justice-blaise-tchikaya-vice-president-de-la-cour-africaine-des-droits-de-lhomme\\\/?lang=fr#primaryimage\"},\"thumbnailUrl\":\"https:\\\/\\\/www.african-court.org\\\/afchpr\\\/wp-content\\\/uploads\\\/2021\\\/10\\\/Discours-de-cloture-du-vice-president--scaled.jpg\",\"articleSection\":[\"Discours\"],\"inLanguage\":\"en-US\"},{\"@type\":\"WebPage\",\"@id\":\"https:\\\/\\\/www.african-court.org\\\/afchpr\\\/formation-a-lintention-des-professionnels-des-medias-remarques-de-cloture-par-s-e-justice-blaise-tchikaya-vice-president-de-la-cour-africaine-des-droits-de-lhomme\\\/?lang=fr\",\"url\":\"https:\\\/\\\/www.african-court.org\\\/afchpr\\\/formation-a-lintention-des-professionnels-des-medias-remarques-de-cloture-par-s-e-justice-blaise-tchikaya-vice-president-de-la-cour-africaine-des-droits-de-lhomme\\\/?lang=fr\",\"name\":\"FORMATION A L\u2019INTENTION DES PROFESSIONNELS DES MEDIAS - REMARQUES DE CLOTURE PAR S.E. JUSTICE BLAISE TCHIKAYA, VICE-PRESIDENT DE LA COUR AFRICAINE DES DROITS DE L'HOMME - African Court on Human and Peoples&#039; Rights\",\"isPartOf\":{\"@id\":\"https:\\\/\\\/www.african-court.org\\\/afchpr\\\/#website\"},\"primaryImageOfPage\":{\"@id\":\"https:\\\/\\\/www.african-court.org\\\/afchpr\\\/formation-a-lintention-des-professionnels-des-medias-remarques-de-cloture-par-s-e-justice-blaise-tchikaya-vice-president-de-la-cour-africaine-des-droits-de-lhomme\\\/?lang=fr#primaryimage\"},\"image\":{\"@id\":\"https:\\\/\\\/www.african-court.org\\\/afchpr\\\/formation-a-lintention-des-professionnels-des-medias-remarques-de-cloture-par-s-e-justice-blaise-tchikaya-vice-president-de-la-cour-africaine-des-droits-de-lhomme\\\/?lang=fr#primaryimage\"},\"thumbnailUrl\":\"https:\\\/\\\/www.african-court.org\\\/afchpr\\\/wp-content\\\/uploads\\\/2021\\\/10\\\/Discours-de-cloture-du-vice-president--scaled.jpg\",\"datePublished\":\"2021-10-31T20:09:38+00:00\",\"dateModified\":\"2021-10-31T20:41:49+00:00\",\"breadcrumb\":{\"@id\":\"https:\\\/\\\/www.african-court.org\\\/afchpr\\\/formation-a-lintention-des-professionnels-des-medias-remarques-de-cloture-par-s-e-justice-blaise-tchikaya-vice-president-de-la-cour-africaine-des-droits-de-lhomme\\\/?lang=fr#breadcrumb\"},\"inLanguage\":\"en-US\",\"potentialAction\":[{\"@type\":\"ReadAction\",\"target\":[\"https:\\\/\\\/www.african-court.org\\\/afchpr\\\/formation-a-lintention-des-professionnels-des-medias-remarques-de-cloture-par-s-e-justice-blaise-tchikaya-vice-president-de-la-cour-africaine-des-droits-de-lhomme\\\/?lang=fr\"]}]},{\"@type\":\"ImageObject\",\"inLanguage\":\"en-US\",\"@id\":\"https:\\\/\\\/www.african-court.org\\\/afchpr\\\/formation-a-lintention-des-professionnels-des-medias-remarques-de-cloture-par-s-e-justice-blaise-tchikaya-vice-president-de-la-cour-africaine-des-droits-de-lhomme\\\/?lang=fr#primaryimage\",\"url\":\"https:\\\/\\\/www.african-court.org\\\/afchpr\\\/wp-content\\\/uploads\\\/2021\\\/10\\\/Discours-de-cloture-du-vice-president--scaled.jpg\",\"contentUrl\":\"https:\\\/\\\/www.african-court.org\\\/afchpr\\\/wp-content\\\/uploads\\\/2021\\\/10\\\/Discours-de-cloture-du-vice-president--scaled.jpg\",\"width\":2560,\"height\":1578},{\"@type\":\"BreadcrumbList\",\"@id\":\"https:\\\/\\\/www.african-court.org\\\/afchpr\\\/formation-a-lintention-des-professionnels-des-medias-remarques-de-cloture-par-s-e-justice-blaise-tchikaya-vice-president-de-la-cour-africaine-des-droits-de-lhomme\\\/?lang=fr#breadcrumb\",\"itemListElement\":[{\"@type\":\"ListItem\",\"position\":1,\"name\":\"Home\",\"item\":\"https:\\\/\\\/www.african-court.org\\\/afchpr\\\/\"},{\"@type\":\"ListItem\",\"position\":2,\"name\":\"FORMATION A L\u2019INTENTION DES PROFESSIONNELS DES MEDIAS &#8211; REMARQUES DE CLOTURE PAR S.E. JUSTICE BLAISE TCHIKAYA, VICE-PRESIDENT DE LA COUR AFRICAINE DES DROITS DE L&#8217;HOMME\"}]},{\"@type\":\"WebSite\",\"@id\":\"https:\\\/\\\/www.african-court.org\\\/afchpr\\\/#website\",\"url\":\"https:\\\/\\\/www.african-court.org\\\/afchpr\\\/\",\"name\":\"African Court on Human and Peoples&#039; Rights\",\"description\":\"Protecting human rights in Africa\",\"publisher\":{\"@id\":\"https:\\\/\\\/www.african-court.org\\\/afchpr\\\/#organization\"},\"potentialAction\":[{\"@type\":\"SearchAction\",\"target\":{\"@type\":\"EntryPoint\",\"urlTemplate\":\"https:\\\/\\\/www.african-court.org\\\/afchpr\\\/?s={search_term_string}\"},\"query-input\":{\"@type\":\"PropertyValueSpecification\",\"valueRequired\":true,\"valueName\":\"search_term_string\"}}],\"inLanguage\":\"en-US\"},{\"@type\":\"Organization\",\"@id\":\"https:\\\/\\\/www.african-court.org\\\/afchpr\\\/#organization\",\"name\":\"African court on human and peoples' rights\",\"url\":\"https:\\\/\\\/www.african-court.org\\\/afchpr\\\/\",\"logo\":{\"@type\":\"ImageObject\",\"inLanguage\":\"en-US\",\"@id\":\"https:\\\/\\\/www.african-court.org\\\/afchpr\\\/#\\\/schema\\\/logo\\\/image\\\/\",\"url\":\"https:\\\/\\\/www.african-court.org\\\/wpafc\\\/wp-content\\\/uploads\\\/2020\\\/04\\\/African-Court-logo.png\",\"contentUrl\":\"https:\\\/\\\/www.african-court.org\\\/wpafc\\\/wp-content\\\/uploads\\\/2020\\\/04\\\/African-Court-logo.png\",\"width\":835,\"height\":835,\"caption\":\"African court on human and peoples' rights\"},\"image\":{\"@id\":\"https:\\\/\\\/www.african-court.org\\\/afchpr\\\/#\\\/schema\\\/logo\\\/image\\\/\"},\"sameAs\":[\"https:\\\/\\\/www.facebook.com\\\/afchpr\",\"https:\\\/\\\/www.youtube.com\\\/user\\\/africancourt\"]},{\"@type\":\"Person\",\"@id\":\"https:\\\/\\\/www.african-court.org\\\/afchpr\\\/#\\\/schema\\\/person\\\/568fec949c2f77a1c6ee12ee72b4966a\",\"name\":\"gorbiromaric\",\"image\":{\"@type\":\"ImageObject\",\"inLanguage\":\"en-US\",\"@id\":\"https:\\\/\\\/secure.gravatar.com\\\/avatar\\\/a04945442a7b840a49295088837c02edf1b7bc9f902b08ad2e55d650ffa7deb5?s=96&d=mm&r=g\",\"url\":\"https:\\\/\\\/secure.gravatar.com\\\/avatar\\\/a04945442a7b840a49295088837c02edf1b7bc9f902b08ad2e55d650ffa7deb5?s=96&d=mm&r=g\",\"contentUrl\":\"https:\\\/\\\/secure.gravatar.com\\\/avatar\\\/a04945442a7b840a49295088837c02edf1b7bc9f902b08ad2e55d650ffa7deb5?s=96&d=mm&r=g\",\"caption\":\"gorbiromaric\"},\"url\":\"https:\\\/\\\/www.african-court.org\\\/afchpr\\\/author\\\/gorbiromaric\\\/\"}]}<\/script>\n<!-- \/ Yoast SEO plugin. -->","yoast_head_json":{"title":"FORMATION A L\u2019INTENTION DES PROFESSIONNELS DES MEDIAS - REMARQUES DE CLOTURE PAR S.E. JUSTICE BLAISE TCHIKAYA, VICE-PRESIDENT DE LA COUR AFRICAINE DES DROITS DE L'HOMME - African Court on Human and Peoples&#039; Rights","robots":{"index":"index","follow":"follow","max-snippet":"max-snippet:-1","max-image-preview":"max-image-preview:large","max-video-preview":"max-video-preview:-1"},"canonical":"https:\/\/www.african-court.org\/afchpr\/formation-a-lintention-des-professionnels-des-medias-remarques-de-cloture-par-s-e-justice-blaise-tchikaya-vice-president-de-la-cour-africaine-des-droits-de-lhomme\/","og_locale":"en_US","og_type":"article","og_title":"FORMATION A L\u2019INTENTION DES PROFESSIONNELS DES MEDIAS - REMARQUES DE CLOTURE PAR S.E. JUSTICE BLAISE TCHIKAYA, VICE-PRESIDENT DE LA COUR AFRICAINE DES DROITS DE L'HOMME - African Court on Human and Peoples&#039; Rights","og_description":"Honorables Juges de la Cour africaine des droits de l&#8217;homme et des peuples Dr Robert Eno, Greffier de la Cour Membres du bureau de la Cour Mesdames et Messieurs les participants Alors que cette cinqui\u00e8me \u00e9dition de la formation aux m\u00e9dias de la Cour africaine touche \u00e0 sa fin, quelques conclusions \u00e9mergent que nous partageons [&hellip;]","og_url":"https:\/\/www.african-court.org\/afchpr\/formation-a-lintention-des-professionnels-des-medias-remarques-de-cloture-par-s-e-justice-blaise-tchikaya-vice-president-de-la-cour-africaine-des-droits-de-lhomme\/?lang=fr","og_site_name":"African Court on Human and Peoples&#039; Rights","article_publisher":"https:\/\/www.facebook.com\/afchpr","article_published_time":"2021-10-31T20:09:38+00:00","article_modified_time":"2021-10-31T20:41:49+00:00","og_image":[{"width":2560,"height":1578,"url":"https:\/\/www.african-court.org\/afchpr\/wp-content\/uploads\/2021\/10\/Discours-de-cloture-du-vice-president--scaled.jpg","type":"image\/jpeg"}],"author":"gorbiromaric","twitter_card":"summary_large_image","twitter_misc":{"Written by":"gorbiromaric","Est. reading time":"2 minutes"},"schema":{"@context":"https:\/\/schema.org","@graph":[{"@type":"Article","@id":"https:\/\/www.african-court.org\/afchpr\/formation-a-lintention-des-professionnels-des-medias-remarques-de-cloture-par-s-e-justice-blaise-tchikaya-vice-president-de-la-cour-africaine-des-droits-de-lhomme\/?lang=fr#article","isPartOf":{"@id":"https:\/\/www.african-court.org\/afchpr\/formation-a-lintention-des-professionnels-des-medias-remarques-de-cloture-par-s-e-justice-blaise-tchikaya-vice-president-de-la-cour-africaine-des-droits-de-lhomme\/?lang=fr"},"author":{"name":"gorbiromaric","@id":"https:\/\/www.african-court.org\/afchpr\/#\/schema\/person\/568fec949c2f77a1c6ee12ee72b4966a"},"headline":"FORMATION A L\u2019INTENTION DES PROFESSIONNELS DES MEDIAS &#8211; REMARQUES DE CLOTURE PAR S.E. JUSTICE BLAISE TCHIKAYA, VICE-PRESIDENT DE LA COUR AFRICAINE DES DROITS DE L&#8217;HOMME","datePublished":"2021-10-31T20:09:38+00:00","dateModified":"2021-10-31T20:41:49+00:00","mainEntityOfPage":{"@id":"https:\/\/www.african-court.org\/afchpr\/formation-a-lintention-des-professionnels-des-medias-remarques-de-cloture-par-s-e-justice-blaise-tchikaya-vice-president-de-la-cour-africaine-des-droits-de-lhomme\/?lang=fr"},"wordCount":458,"publisher":{"@id":"https:\/\/www.african-court.org\/afchpr\/#organization"},"image":{"@id":"https:\/\/www.african-court.org\/afchpr\/formation-a-lintention-des-professionnels-des-medias-remarques-de-cloture-par-s-e-justice-blaise-tchikaya-vice-president-de-la-cour-africaine-des-droits-de-lhomme\/?lang=fr#primaryimage"},"thumbnailUrl":"https:\/\/www.african-court.org\/afchpr\/wp-content\/uploads\/2021\/10\/Discours-de-cloture-du-vice-president--scaled.jpg","articleSection":["Discours"],"inLanguage":"en-US"},{"@type":"WebPage","@id":"https:\/\/www.african-court.org\/afchpr\/formation-a-lintention-des-professionnels-des-medias-remarques-de-cloture-par-s-e-justice-blaise-tchikaya-vice-president-de-la-cour-africaine-des-droits-de-lhomme\/?lang=fr","url":"https:\/\/www.african-court.org\/afchpr\/formation-a-lintention-des-professionnels-des-medias-remarques-de-cloture-par-s-e-justice-blaise-tchikaya-vice-president-de-la-cour-africaine-des-droits-de-lhomme\/?lang=fr","name":"FORMATION A L\u2019INTENTION DES PROFESSIONNELS DES MEDIAS - REMARQUES DE CLOTURE PAR S.E. JUSTICE BLAISE TCHIKAYA, VICE-PRESIDENT DE LA COUR AFRICAINE DES DROITS DE L'HOMME - African Court on Human and Peoples&#039; Rights","isPartOf":{"@id":"https:\/\/www.african-court.org\/afchpr\/#website"},"primaryImageOfPage":{"@id":"https:\/\/www.african-court.org\/afchpr\/formation-a-lintention-des-professionnels-des-medias-remarques-de-cloture-par-s-e-justice-blaise-tchikaya-vice-president-de-la-cour-africaine-des-droits-de-lhomme\/?lang=fr#primaryimage"},"image":{"@id":"https:\/\/www.african-court.org\/afchpr\/formation-a-lintention-des-professionnels-des-medias-remarques-de-cloture-par-s-e-justice-blaise-tchikaya-vice-president-de-la-cour-africaine-des-droits-de-lhomme\/?lang=fr#primaryimage"},"thumbnailUrl":"https:\/\/www.african-court.org\/afchpr\/wp-content\/uploads\/2021\/10\/Discours-de-cloture-du-vice-president--scaled.jpg","datePublished":"2021-10-31T20:09:38+00:00","dateModified":"2021-10-31T20:41:49+00:00","breadcrumb":{"@id":"https:\/\/www.african-court.org\/afchpr\/formation-a-lintention-des-professionnels-des-medias-remarques-de-cloture-par-s-e-justice-blaise-tchikaya-vice-president-de-la-cour-africaine-des-droits-de-lhomme\/?lang=fr#breadcrumb"},"inLanguage":"en-US","potentialAction":[{"@type":"ReadAction","target":["https:\/\/www.african-court.org\/afchpr\/formation-a-lintention-des-professionnels-des-medias-remarques-de-cloture-par-s-e-justice-blaise-tchikaya-vice-president-de-la-cour-africaine-des-droits-de-lhomme\/?lang=fr"]}]},{"@type":"ImageObject","inLanguage":"en-US","@id":"https:\/\/www.african-court.org\/afchpr\/formation-a-lintention-des-professionnels-des-medias-remarques-de-cloture-par-s-e-justice-blaise-tchikaya-vice-president-de-la-cour-africaine-des-droits-de-lhomme\/?lang=fr#primaryimage","url":"https:\/\/www.african-court.org\/afchpr\/wp-content\/uploads\/2021\/10\/Discours-de-cloture-du-vice-president--scaled.jpg","contentUrl":"https:\/\/www.african-court.org\/afchpr\/wp-content\/uploads\/2021\/10\/Discours-de-cloture-du-vice-president--scaled.jpg","width":2560,"height":1578},{"@type":"BreadcrumbList","@id":"https:\/\/www.african-court.org\/afchpr\/formation-a-lintention-des-professionnels-des-medias-remarques-de-cloture-par-s-e-justice-blaise-tchikaya-vice-president-de-la-cour-africaine-des-droits-de-lhomme\/?lang=fr#breadcrumb","itemListElement":[{"@type":"ListItem","position":1,"name":"Home","item":"https:\/\/www.african-court.org\/afchpr\/"},{"@type":"ListItem","position":2,"name":"FORMATION A L\u2019INTENTION DES PROFESSIONNELS DES MEDIAS &#8211; REMARQUES DE CLOTURE PAR S.E. JUSTICE BLAISE TCHIKAYA, VICE-PRESIDENT DE LA COUR AFRICAINE DES DROITS DE L&#8217;HOMME"}]},{"@type":"WebSite","@id":"https:\/\/www.african-court.org\/afchpr\/#website","url":"https:\/\/www.african-court.org\/afchpr\/","name":"African Court on Human and Peoples&#039; Rights","description":"Protecting human rights in Africa","publisher":{"@id":"https:\/\/www.african-court.org\/afchpr\/#organization"},"potentialAction":[{"@type":"SearchAction","target":{"@type":"EntryPoint","urlTemplate":"https:\/\/www.african-court.org\/afchpr\/?s={search_term_string}"},"query-input":{"@type":"PropertyValueSpecification","valueRequired":true,"valueName":"search_term_string"}}],"inLanguage":"en-US"},{"@type":"Organization","@id":"https:\/\/www.african-court.org\/afchpr\/#organization","name":"African court on human and peoples' rights","url":"https:\/\/www.african-court.org\/afchpr\/","logo":{"@type":"ImageObject","inLanguage":"en-US","@id":"https:\/\/www.african-court.org\/afchpr\/#\/schema\/logo\/image\/","url":"https:\/\/www.african-court.org\/wpafc\/wp-content\/uploads\/2020\/04\/African-Court-logo.png","contentUrl":"https:\/\/www.african-court.org\/wpafc\/wp-content\/uploads\/2020\/04\/African-Court-logo.png","width":835,"height":835,"caption":"African court on human and peoples' rights"},"image":{"@id":"https:\/\/www.african-court.org\/afchpr\/#\/schema\/logo\/image\/"},"sameAs":["https:\/\/www.facebook.com\/afchpr","https:\/\/www.youtube.com\/user\/africancourt"]},{"@type":"Person","@id":"https:\/\/www.african-court.org\/afchpr\/#\/schema\/person\/568fec949c2f77a1c6ee12ee72b4966a","name":"gorbiromaric","image":{"@type":"ImageObject","inLanguage":"en-US","@id":"https:\/\/secure.gravatar.com\/avatar\/a04945442a7b840a49295088837c02edf1b7bc9f902b08ad2e55d650ffa7deb5?s=96&d=mm&r=g","url":"https:\/\/secure.gravatar.com\/avatar\/a04945442a7b840a49295088837c02edf1b7bc9f902b08ad2e55d650ffa7deb5?s=96&d=mm&r=g","contentUrl":"https:\/\/secure.gravatar.com\/avatar\/a04945442a7b840a49295088837c02edf1b7bc9f902b08ad2e55d650ffa7deb5?s=96&d=mm&r=g","caption":"gorbiromaric"},"url":"https:\/\/www.african-court.org\/afchpr\/author\/gorbiromaric\/"}]}},"publishpress_future_action":{"enabled":false,"date":"2026-05-05 13:36:14","action":"change-status","newStatus":"draft","terms":[],"taxonomy":"category","extraData":[]},"publishpress_future_workflow_manual_trigger":{"enabledWorkflows":[]},"post_mailing_queue_ids":[],"_links":{"self":[{"href":"https:\/\/www.african-court.org\/afchpr\/wp-json\/wp\/v2\/posts\/8788","targetHints":{"allow":["GET"]}}],"collection":[{"href":"https:\/\/www.african-court.org\/afchpr\/wp-json\/wp\/v2\/posts"}],"about":[{"href":"https:\/\/www.african-court.org\/afchpr\/wp-json\/wp\/v2\/types\/post"}],"author":[{"embeddable":true,"href":"https:\/\/www.african-court.org\/afchpr\/wp-json\/wp\/v2\/users\/1"}],"replies":[{"embeddable":true,"href":"https:\/\/www.african-court.org\/afchpr\/wp-json\/wp\/v2\/comments?post=8788"}],"version-history":[{"count":1,"href":"https:\/\/www.african-court.org\/afchpr\/wp-json\/wp\/v2\/posts\/8788\/revisions"}],"predecessor-version":[{"id":8789,"href":"https:\/\/www.african-court.org\/afchpr\/wp-json\/wp\/v2\/posts\/8788\/revisions\/8789"}],"wp:featuredmedia":[{"embeddable":true,"href":"https:\/\/www.african-court.org\/afchpr\/wp-json\/wp\/v2\/media\/8785"}],"wp:attachment":[{"href":"https:\/\/www.african-court.org\/afchpr\/wp-json\/wp\/v2\/media?parent=8788"}],"wp:term":[{"taxonomy":"category","embeddable":true,"href":"https:\/\/www.african-court.org\/afchpr\/wp-json\/wp\/v2\/categories?post=8788"},{"taxonomy":"post_tag","embeddable":true,"href":"https:\/\/www.african-court.org\/afchpr\/wp-json\/wp\/v2\/tags?post=8788"}],"curies":[{"name":"wp","href":"https:\/\/api.w.org\/{rel}","templated":true}]}}