{"id":2696,"date":"2019-10-29T10:32:00","date_gmt":"2019-10-29T07:32:00","guid":{"rendered":"http:\/\/www.african-court.org\/wpafc\/kampala-declaration\/"},"modified":"2020-05-20T13:05:04","modified_gmt":"2020-05-20T10:05:04","slug":"declaration-de-kampala-2019","status":"publish","type":"post","link":"https:\/\/www.african-court.org\/afchpr\/declaration-de-kampala-2019\/?lang=fr","title":{"rendered":"D\u00c9CLARATION DE KAMPALA 2019"},"content":{"rendered":"\n<p>La Cour africaine des droits de l&#8217;homme et des peuples, la Cour europ\u00e9enne des droits de l&#8217;homme et la Cour interam\u00e9ricaine des droits de l&#8217;homme,&nbsp;au premier Forum international des droits de l&#8217;homme&nbsp;du 28 au 29 octobre 2019<\/p>\n\n\n\n<p>La Cour africaine des droits de l&#8217;homme et des peuples, la Cour europ\u00e9enne des droits de l&#8217;homme et la Cour interam\u00e9ricaine des droits de l&#8217;homme, r\u00e9unies \u00e0 Kampala, R\u00e9publique de l&#8217;Ouganda, du 28 au 29 octobre 2019 \u00e0 l&#8217;occasion du premier Forum international des droits de l&#8217;homme des trois tribunaux r\u00e9gionaux :<\/p>\n\n\n\n<p>R\u00e9affirmant leur attachement aux principes et objectifs \u00e9nonc\u00e9s dans la Charte africaine des droits de l\u2019homme et des peuples, la Convention am\u00e9ricaine relative aux droits de l\u2019homme et la Convention europ\u00e9enne des libert\u00e9s fondamentales et dans d&#8217;autres instruments internationaux pertinents relatifs aux droits de l&#8217;homme, notamment la D\u00e9claration universelle des droits de l&#8217;homme ;<\/p>\n\n\n\n<p>Vu la d\u00e9claration de San Jos\u00e9 du 18 juillet 2018, dans laquelle les trois juridictions ont affirm\u00e9 que le respect et la protection des droits de l&#8217;homme et des peuples, ainsi que l&#8217;acc\u00e8s \u00e0 la justice des peuples relevant de leur comp\u00e9tence constituent une condition pr\u00e9alable au renforcement de l&#8217;\u00c9tat de droit et de la d\u00e9mocratie et contribue \u00e0 la r\u00e9alisation des buts et objectifs nationaux ;<\/p>\n\n\n\n<p>Notant avec \u00e9loge la relation cordiale existante qui permet un dialogue institutionnel et jurisprudentiel, le partage d&#8217;informations et des meilleures pratiques dans leur int\u00e9r\u00eat commun; le d\u00e9sir de renforcer cette relation par la poursuite du travail et des efforts partag\u00e9s entre les trois tribunaux ;<\/p>\n\n\n\n<p>Se f\u00e9licitent de la signature d\u2019un M\u00e9morandum d\u2019accord entre la Cour africaine des droits de l\u2019homme et des peuples, la Cour europ\u00e9enne des droits de l\u2019homme et la Cour interam\u00e9ricaine des droits de l\u2019homme pour rendre op\u00e9rationnel le Forum international des droits de l\u2019homme ;<\/p>\n\n\n\n<p>Les trois tribunaux ont en outre convenu ce qui suit :<\/p>\n\n\n\n<p>1. Encourager les \u00c9tats membres de leurs organisations respectives, leurs partenaires, la soci\u00e9t\u00e9 civile et les citoyens \u00e0 contribuer et \u00e0 soutenir la poursuite de l&#8217;organisation du Forum international des droits de l&#8217;homme ainsi que des programmes et activit\u00e9s du Forum.<\/p>\n\n\n\n<p>2. Organiser le Forum international des droits de l&#8217;homme tous les deux ans en sessions priv\u00e9es et publiques sur une base rotative et avec la participation d&#8217;autres acteurs r\u00e9gionaux et mondiaux des droits de l&#8217;homme, le cas \u00e9ch\u00e9ant.<\/p>\n\n\n\n<p>3. S&#8217;assurer que les d\u00e9cisions et r\u00e9solutions du Forum sont bien respect\u00e9es et appliqu\u00e9es en allouant les ressources n\u00e9cessaires et en d\u00e9signant des points focaux pour le suivi requis.<\/p>\n\n\n\n<p>4. Organiser des \u00e9changes judiciaires et du personnel sur une base tripartite, impliquant les trois tribunaux.<\/p>\n\n\n\n<p>5. Entreprendre le partage de connaissances via des plateformes num\u00e9riques, sur des questions d&#8217;actualit\u00e9 relatives aux droits de l&#8217;homme, notamment les migrations, la violence faite aux femmes, les risques environnementaux, le changement climatique, la bio\u00e9thique, le terrorisme, la surveillance gouvernementale et les m\u00e9thodes de travail des trois tribunaux.<\/p>\n\n\n\n<p>6. D\u00e9velopper des cours en ligne sur divers aspects de la protection des droits de l\u2019homme dans leurs juridictions respectives, en particulier, ainsi que dans le monde entier.<\/p>\n\n\n\n<p>7. Publier chaque ann\u00e9e un rapport \u00e9lectronique \/ num\u00e9rique sur les principaux arr\u00eats des trois tribunaux, assorti de commentaires, le cas \u00e9ch\u00e9ant, et tenant compte des langues de travail des trois tribunaux. Pour renforcer le dialogue et partager la jurisprudence avec les tribunaux nationaux, en tant que l&#8217;un des m\u00e9canismes garantissant que les tribunaux nationaux se r\u00e9f\u00e8rent aux jugements des tribunaux r\u00e9gionaux et contribuent \u00e0 leur ex\u00e9cution \u00e0 long terme.<\/p>\n\n\n\n<p>D\u00e9cident que la prochaine r\u00e9union du Forum sera organis\u00e9e par la Cour europ\u00e9enne des droits de l&#8217;homme \u00e0 Strasbourg, en France, en 2021;<\/p>\n\n\n\n<p>F\u00e9licitent la Cour africaine pour l&#8217;organisation r\u00e9ussie de la premi\u00e8re \u00e9dition du Forum;<\/p>\n\n\n\n<p>Remercient le gouvernement et le peuple de la R\u00e9publique d&#8217;Ouganda pour l&#8217;excellent accueil r\u00e9serv\u00e9 \u00e0 cette r\u00e9union, ainsi que l&#8217;Union europ\u00e9enne pour le n\u00e9cessaire soutien financier.<\/p>\n\n\n\n<p>Sign\u00e9e \u00e0 Kampala, en Ouganda, le 29 octobre 2019<\/p>\n\n\n\n<p>&nbsp; &nbsp; &nbsp; &nbsp; &nbsp; &nbsp; Sylvain Or\u00e9&nbsp; &nbsp; &nbsp; &nbsp; &nbsp; &nbsp; &nbsp; &nbsp; &nbsp; &nbsp; &nbsp; &nbsp; &nbsp; &nbsp; &nbsp; &nbsp; &nbsp; &nbsp; &nbsp; &nbsp; &nbsp; &nbsp; &nbsp; &nbsp; &nbsp; &nbsp; &nbsp; &nbsp; &nbsp;Angelika Nussberger&nbsp; &nbsp; &nbsp; &nbsp; &nbsp; &nbsp; &nbsp; &nbsp; &nbsp; &nbsp; &nbsp; &nbsp; &nbsp; &nbsp; &nbsp; &nbsp; &nbsp; &nbsp; &nbsp; &nbsp; &nbsp;Eduardo Ferrer Mac-Gregor Poisot<\/p>\n\n\n\n<p>&nbsp; &nbsp; &nbsp; &nbsp; &nbsp; &nbsp; &nbsp;Pr\u00e9sident&nbsp; &nbsp; &nbsp; &nbsp; &nbsp; &nbsp; &nbsp; &nbsp; &nbsp; &nbsp; &nbsp; &nbsp; &nbsp; &nbsp; &nbsp; &nbsp; &nbsp; &nbsp; &nbsp; &nbsp; &nbsp; &nbsp; &nbsp; &nbsp; &nbsp; &nbsp; &nbsp; &nbsp; &nbsp; &nbsp; &nbsp; &nbsp;Vice-Pr\u00e9sident&nbsp; &nbsp; &nbsp; &nbsp; &nbsp; &nbsp; &nbsp; &nbsp; &nbsp; &nbsp; &nbsp; &nbsp; &nbsp; &nbsp; &nbsp; &nbsp; &nbsp; &nbsp; &nbsp; &nbsp; &nbsp; &nbsp; &nbsp; &nbsp; &nbsp; &nbsp; &nbsp; &nbsp; &nbsp; &nbsp; &nbsp; &nbsp;Pr\u00e9sident<\/p>\n\n\n\n<p>&nbsp; &nbsp; &nbsp; &nbsp; &nbsp; &nbsp;Cour africaine&nbsp; &nbsp; &nbsp; &nbsp; &nbsp; &nbsp; &nbsp; &nbsp; &nbsp; &nbsp; &nbsp; &nbsp; &nbsp; &nbsp; &nbsp; &nbsp; &nbsp; &nbsp; &nbsp; &nbsp; &nbsp; &nbsp; &nbsp; &nbsp; &nbsp; &nbsp; &nbsp; &nbsp; &nbsp;Cour europ\u00e9enne&nbsp; &nbsp; &nbsp; &nbsp; &nbsp; &nbsp; &nbsp; &nbsp; &nbsp; &nbsp; &nbsp; &nbsp; &nbsp; &nbsp; &nbsp; &nbsp; &nbsp; &nbsp; &nbsp; &nbsp; &nbsp; &nbsp; &nbsp; &nbsp; &nbsp; &nbsp;Cour interam\u00e9ricaine<\/p>\n\n\n\n<p>&nbsp; &nbsp; des droits de l\u2019homme&nbsp; &nbsp; &nbsp; &nbsp; &nbsp; &nbsp; &nbsp; &nbsp; &nbsp; &nbsp; &nbsp; &nbsp; &nbsp; &nbsp; &nbsp; &nbsp; &nbsp; &nbsp; &nbsp; &nbsp; &nbsp; &nbsp; &nbsp; &nbsp; &nbsp;des droits de l\u2019homme&nbsp; &nbsp; &nbsp; &nbsp; &nbsp; &nbsp; &nbsp; &nbsp; &nbsp; &nbsp; &nbsp; &nbsp; &nbsp; &nbsp; &nbsp; &nbsp; &nbsp; &nbsp; &nbsp; &nbsp; &nbsp; &nbsp; &nbsp;des droits de l\u2019homme<\/p>\n","protected":false},"excerpt":{"rendered":"<p>La Cour africaine des droits de l&#8217;homme et des peuples, la Cour europ\u00e9enne des droits de l&#8217;homme et la Cour interam\u00e9ricaine des droits de l&#8217;homme,&nbsp;au premier Forum international des droits de l&#8217;homme&nbsp;du 28 au 29 octobre 2019 La Cour africaine des droits de l&#8217;homme et des peuples, la Cour europ\u00e9enne des droits de l&#8217;homme et [&hellip;]<\/p>\n","protected":false},"author":1,"featured_media":0,"comment_status":"closed","ping_status":"closed","sticky":false,"template":"","format":"standard","meta":{"jnews-multi-image_gallery":[],"jnews_single_post":[],"jnews_primary_category":[],"jnews_social_meta":[],"jnews_override_counter":[],"jnews_post_split":[],"footnotes":""},"categories":[96,89],"tags":[],"class_list":["post-2696","post","type-post","status-publish","format-standard","hentry","category-communiques-de-presse","category-actualites"],"yoast_head":"<!-- This site is optimized with the Yoast SEO plugin v27.4 - https:\/\/yoast.com\/product\/yoast-seo-wordpress\/ -->\n<title>D\u00c9CLARATION DE KAMPALA 2019 - African Court on Human and Peoples&#039; Rights<\/title>\n<meta name=\"robots\" content=\"index, follow, max-snippet:-1, max-image-preview:large, max-video-preview:-1\" \/>\n<link rel=\"canonical\" href=\"https:\/\/www.african-court.org\/afchpr\/declaration-de-kampala-2019\/\" \/>\n<meta property=\"og:locale\" content=\"en_US\" \/>\n<meta property=\"og:type\" content=\"article\" \/>\n<meta property=\"og:title\" content=\"D\u00c9CLARATION DE KAMPALA 2019 - African Court on Human and Peoples&#039; Rights\" \/>\n<meta property=\"og:description\" content=\"La Cour africaine des droits de l&#8217;homme et des peuples, la Cour europ\u00e9enne des droits de l&#8217;homme et la Cour interam\u00e9ricaine des droits de l&#8217;homme,&nbsp;au premier Forum international des droits de l&#8217;homme&nbsp;du 28 au 29 octobre 2019 La Cour africaine des droits de l&#8217;homme et des peuples, la Cour europ\u00e9enne des droits de l&#8217;homme et [&hellip;]\" \/>\n<meta property=\"og:url\" content=\"https:\/\/www.african-court.org\/afchpr\/declaration-de-kampala-2019\/?lang=fr\" \/>\n<meta property=\"og:site_name\" content=\"African Court on Human and Peoples&#039; Rights\" \/>\n<meta property=\"article:publisher\" content=\"https:\/\/www.facebook.com\/afchpr\" \/>\n<meta property=\"article:published_time\" content=\"2019-10-29T07:32:00+00:00\" \/>\n<meta property=\"article:modified_time\" content=\"2020-05-20T10:05:04+00:00\" \/>\n<meta name=\"author\" content=\"gorbiromaric\" \/>\n<meta name=\"twitter:card\" content=\"summary_large_image\" \/>\n<meta name=\"twitter:label1\" content=\"Written by\" \/>\n\t<meta name=\"twitter:data1\" content=\"gorbiromaric\" \/>\n\t<meta name=\"twitter:label2\" content=\"Est. reading time\" \/>\n\t<meta name=\"twitter:data2\" content=\"5 minutes\" \/>\n<script type=\"application\/ld+json\" class=\"yoast-schema-graph\">{\"@context\":\"https:\\\/\\\/schema.org\",\"@graph\":[{\"@type\":\"Article\",\"@id\":\"https:\\\/\\\/www.african-court.org\\\/afchpr\\\/declaration-de-kampala-2019\\\/?lang=fr#article\",\"isPartOf\":{\"@id\":\"https:\\\/\\\/www.african-court.org\\\/afchpr\\\/declaration-de-kampala-2019\\\/?lang=fr\"},\"author\":{\"name\":\"gorbiromaric\",\"@id\":\"https:\\\/\\\/www.african-court.org\\\/afchpr\\\/#\\\/schema\\\/person\\\/568fec949c2f77a1c6ee12ee72b4966a\"},\"headline\":\"D\u00c9CLARATION DE KAMPALA 2019\",\"datePublished\":\"2019-10-29T07:32:00+00:00\",\"dateModified\":\"2020-05-20T10:05:04+00:00\",\"mainEntityOfPage\":{\"@id\":\"https:\\\/\\\/www.african-court.org\\\/afchpr\\\/declaration-de-kampala-2019\\\/?lang=fr\"},\"wordCount\":1004,\"publisher\":{\"@id\":\"https:\\\/\\\/www.african-court.org\\\/afchpr\\\/#organization\"},\"articleSection\":[\"Communiqu\u00e9s de Presse\",\"M\u00e9dia\"],\"inLanguage\":\"en-US\"},{\"@type\":\"WebPage\",\"@id\":\"https:\\\/\\\/www.african-court.org\\\/afchpr\\\/declaration-de-kampala-2019\\\/?lang=fr\",\"url\":\"https:\\\/\\\/www.african-court.org\\\/afchpr\\\/declaration-de-kampala-2019\\\/?lang=fr\",\"name\":\"D\u00c9CLARATION DE KAMPALA 2019 - African Court on Human and Peoples&#039; Rights\",\"isPartOf\":{\"@id\":\"https:\\\/\\\/www.african-court.org\\\/afchpr\\\/#website\"},\"datePublished\":\"2019-10-29T07:32:00+00:00\",\"dateModified\":\"2020-05-20T10:05:04+00:00\",\"breadcrumb\":{\"@id\":\"https:\\\/\\\/www.african-court.org\\\/afchpr\\\/declaration-de-kampala-2019\\\/?lang=fr#breadcrumb\"},\"inLanguage\":\"en-US\",\"potentialAction\":[{\"@type\":\"ReadAction\",\"target\":[\"https:\\\/\\\/www.african-court.org\\\/afchpr\\\/declaration-de-kampala-2019\\\/?lang=fr\"]}]},{\"@type\":\"BreadcrumbList\",\"@id\":\"https:\\\/\\\/www.african-court.org\\\/afchpr\\\/declaration-de-kampala-2019\\\/?lang=fr#breadcrumb\",\"itemListElement\":[{\"@type\":\"ListItem\",\"position\":1,\"name\":\"Home\",\"item\":\"https:\\\/\\\/www.african-court.org\\\/afchpr\\\/\"},{\"@type\":\"ListItem\",\"position\":2,\"name\":\"D\u00c9CLARATION DE KAMPALA 2019\"}]},{\"@type\":\"WebSite\",\"@id\":\"https:\\\/\\\/www.african-court.org\\\/afchpr\\\/#website\",\"url\":\"https:\\\/\\\/www.african-court.org\\\/afchpr\\\/\",\"name\":\"African Court on Human and Peoples&#039; Rights\",\"description\":\"Protecting human rights in Africa\",\"publisher\":{\"@id\":\"https:\\\/\\\/www.african-court.org\\\/afchpr\\\/#organization\"},\"potentialAction\":[{\"@type\":\"SearchAction\",\"target\":{\"@type\":\"EntryPoint\",\"urlTemplate\":\"https:\\\/\\\/www.african-court.org\\\/afchpr\\\/?s={search_term_string}\"},\"query-input\":{\"@type\":\"PropertyValueSpecification\",\"valueRequired\":true,\"valueName\":\"search_term_string\"}}],\"inLanguage\":\"en-US\"},{\"@type\":\"Organization\",\"@id\":\"https:\\\/\\\/www.african-court.org\\\/afchpr\\\/#organization\",\"name\":\"African court on human and peoples' rights\",\"url\":\"https:\\\/\\\/www.african-court.org\\\/afchpr\\\/\",\"logo\":{\"@type\":\"ImageObject\",\"inLanguage\":\"en-US\",\"@id\":\"https:\\\/\\\/www.african-court.org\\\/afchpr\\\/#\\\/schema\\\/logo\\\/image\\\/\",\"url\":\"https:\\\/\\\/www.african-court.org\\\/wpafc\\\/wp-content\\\/uploads\\\/2020\\\/04\\\/African-Court-logo.png\",\"contentUrl\":\"https:\\\/\\\/www.african-court.org\\\/wpafc\\\/wp-content\\\/uploads\\\/2020\\\/04\\\/African-Court-logo.png\",\"width\":835,\"height\":835,\"caption\":\"African court on human and peoples' rights\"},\"image\":{\"@id\":\"https:\\\/\\\/www.african-court.org\\\/afchpr\\\/#\\\/schema\\\/logo\\\/image\\\/\"},\"sameAs\":[\"https:\\\/\\\/www.facebook.com\\\/afchpr\",\"https:\\\/\\\/www.youtube.com\\\/user\\\/africancourt\"]},{\"@type\":\"Person\",\"@id\":\"https:\\\/\\\/www.african-court.org\\\/afchpr\\\/#\\\/schema\\\/person\\\/568fec949c2f77a1c6ee12ee72b4966a\",\"name\":\"gorbiromaric\",\"image\":{\"@type\":\"ImageObject\",\"inLanguage\":\"en-US\",\"@id\":\"https:\\\/\\\/secure.gravatar.com\\\/avatar\\\/a04945442a7b840a49295088837c02edf1b7bc9f902b08ad2e55d650ffa7deb5?s=96&d=mm&r=g\",\"url\":\"https:\\\/\\\/secure.gravatar.com\\\/avatar\\\/a04945442a7b840a49295088837c02edf1b7bc9f902b08ad2e55d650ffa7deb5?s=96&d=mm&r=g\",\"contentUrl\":\"https:\\\/\\\/secure.gravatar.com\\\/avatar\\\/a04945442a7b840a49295088837c02edf1b7bc9f902b08ad2e55d650ffa7deb5?s=96&d=mm&r=g\",\"caption\":\"gorbiromaric\"},\"url\":\"https:\\\/\\\/www.african-court.org\\\/afchpr\\\/author\\\/gorbiromaric\\\/\"}]}<\/script>\n<!-- \/ Yoast SEO plugin. -->","yoast_head_json":{"title":"D\u00c9CLARATION DE KAMPALA 2019 - African Court on Human and Peoples&#039; Rights","robots":{"index":"index","follow":"follow","max-snippet":"max-snippet:-1","max-image-preview":"max-image-preview:large","max-video-preview":"max-video-preview:-1"},"canonical":"https:\/\/www.african-court.org\/afchpr\/declaration-de-kampala-2019\/","og_locale":"en_US","og_type":"article","og_title":"D\u00c9CLARATION DE KAMPALA 2019 - African Court on Human and Peoples&#039; Rights","og_description":"La Cour africaine des droits de l&#8217;homme et des peuples, la Cour europ\u00e9enne des droits de l&#8217;homme et la Cour interam\u00e9ricaine des droits de l&#8217;homme,&nbsp;au premier Forum international des droits de l&#8217;homme&nbsp;du 28 au 29 octobre 2019 La Cour africaine des droits de l&#8217;homme et des peuples, la Cour europ\u00e9enne des droits de l&#8217;homme et [&hellip;]","og_url":"https:\/\/www.african-court.org\/afchpr\/declaration-de-kampala-2019\/?lang=fr","og_site_name":"African Court on Human and Peoples&#039; Rights","article_publisher":"https:\/\/www.facebook.com\/afchpr","article_published_time":"2019-10-29T07:32:00+00:00","article_modified_time":"2020-05-20T10:05:04+00:00","author":"gorbiromaric","twitter_card":"summary_large_image","twitter_misc":{"Written by":"gorbiromaric","Est. reading time":"5 minutes"},"schema":{"@context":"https:\/\/schema.org","@graph":[{"@type":"Article","@id":"https:\/\/www.african-court.org\/afchpr\/declaration-de-kampala-2019\/?lang=fr#article","isPartOf":{"@id":"https:\/\/www.african-court.org\/afchpr\/declaration-de-kampala-2019\/?lang=fr"},"author":{"name":"gorbiromaric","@id":"https:\/\/www.african-court.org\/afchpr\/#\/schema\/person\/568fec949c2f77a1c6ee12ee72b4966a"},"headline":"D\u00c9CLARATION DE KAMPALA 2019","datePublished":"2019-10-29T07:32:00+00:00","dateModified":"2020-05-20T10:05:04+00:00","mainEntityOfPage":{"@id":"https:\/\/www.african-court.org\/afchpr\/declaration-de-kampala-2019\/?lang=fr"},"wordCount":1004,"publisher":{"@id":"https:\/\/www.african-court.org\/afchpr\/#organization"},"articleSection":["Communiqu\u00e9s de Presse","M\u00e9dia"],"inLanguage":"en-US"},{"@type":"WebPage","@id":"https:\/\/www.african-court.org\/afchpr\/declaration-de-kampala-2019\/?lang=fr","url":"https:\/\/www.african-court.org\/afchpr\/declaration-de-kampala-2019\/?lang=fr","name":"D\u00c9CLARATION DE KAMPALA 2019 - African Court on Human and Peoples&#039; Rights","isPartOf":{"@id":"https:\/\/www.african-court.org\/afchpr\/#website"},"datePublished":"2019-10-29T07:32:00+00:00","dateModified":"2020-05-20T10:05:04+00:00","breadcrumb":{"@id":"https:\/\/www.african-court.org\/afchpr\/declaration-de-kampala-2019\/?lang=fr#breadcrumb"},"inLanguage":"en-US","potentialAction":[{"@type":"ReadAction","target":["https:\/\/www.african-court.org\/afchpr\/declaration-de-kampala-2019\/?lang=fr"]}]},{"@type":"BreadcrumbList","@id":"https:\/\/www.african-court.org\/afchpr\/declaration-de-kampala-2019\/?lang=fr#breadcrumb","itemListElement":[{"@type":"ListItem","position":1,"name":"Home","item":"https:\/\/www.african-court.org\/afchpr\/"},{"@type":"ListItem","position":2,"name":"D\u00c9CLARATION DE KAMPALA 2019"}]},{"@type":"WebSite","@id":"https:\/\/www.african-court.org\/afchpr\/#website","url":"https:\/\/www.african-court.org\/afchpr\/","name":"African Court on Human and Peoples&#039; Rights","description":"Protecting human rights in Africa","publisher":{"@id":"https:\/\/www.african-court.org\/afchpr\/#organization"},"potentialAction":[{"@type":"SearchAction","target":{"@type":"EntryPoint","urlTemplate":"https:\/\/www.african-court.org\/afchpr\/?s={search_term_string}"},"query-input":{"@type":"PropertyValueSpecification","valueRequired":true,"valueName":"search_term_string"}}],"inLanguage":"en-US"},{"@type":"Organization","@id":"https:\/\/www.african-court.org\/afchpr\/#organization","name":"African court on human and peoples' rights","url":"https:\/\/www.african-court.org\/afchpr\/","logo":{"@type":"ImageObject","inLanguage":"en-US","@id":"https:\/\/www.african-court.org\/afchpr\/#\/schema\/logo\/image\/","url":"https:\/\/www.african-court.org\/wpafc\/wp-content\/uploads\/2020\/04\/African-Court-logo.png","contentUrl":"https:\/\/www.african-court.org\/wpafc\/wp-content\/uploads\/2020\/04\/African-Court-logo.png","width":835,"height":835,"caption":"African court on human and peoples' rights"},"image":{"@id":"https:\/\/www.african-court.org\/afchpr\/#\/schema\/logo\/image\/"},"sameAs":["https:\/\/www.facebook.com\/afchpr","https:\/\/www.youtube.com\/user\/africancourt"]},{"@type":"Person","@id":"https:\/\/www.african-court.org\/afchpr\/#\/schema\/person\/568fec949c2f77a1c6ee12ee72b4966a","name":"gorbiromaric","image":{"@type":"ImageObject","inLanguage":"en-US","@id":"https:\/\/secure.gravatar.com\/avatar\/a04945442a7b840a49295088837c02edf1b7bc9f902b08ad2e55d650ffa7deb5?s=96&d=mm&r=g","url":"https:\/\/secure.gravatar.com\/avatar\/a04945442a7b840a49295088837c02edf1b7bc9f902b08ad2e55d650ffa7deb5?s=96&d=mm&r=g","contentUrl":"https:\/\/secure.gravatar.com\/avatar\/a04945442a7b840a49295088837c02edf1b7bc9f902b08ad2e55d650ffa7deb5?s=96&d=mm&r=g","caption":"gorbiromaric"},"url":"https:\/\/www.african-court.org\/afchpr\/author\/gorbiromaric\/"}]}},"publishpress_future_action":{"enabled":false,"date":"2026-05-03 14:24:06","action":"change-status","newStatus":"draft","terms":[],"taxonomy":"category","extraData":[]},"publishpress_future_workflow_manual_trigger":{"enabledWorkflows":[]},"post_mailing_queue_ids":[],"_links":{"self":[{"href":"https:\/\/www.african-court.org\/afchpr\/wp-json\/wp\/v2\/posts\/2696","targetHints":{"allow":["GET"]}}],"collection":[{"href":"https:\/\/www.african-court.org\/afchpr\/wp-json\/wp\/v2\/posts"}],"about":[{"href":"https:\/\/www.african-court.org\/afchpr\/wp-json\/wp\/v2\/types\/post"}],"author":[{"embeddable":true,"href":"https:\/\/www.african-court.org\/afchpr\/wp-json\/wp\/v2\/users\/1"}],"replies":[{"embeddable":true,"href":"https:\/\/www.african-court.org\/afchpr\/wp-json\/wp\/v2\/comments?post=2696"}],"version-history":[{"count":2,"href":"https:\/\/www.african-court.org\/afchpr\/wp-json\/wp\/v2\/posts\/2696\/revisions"}],"predecessor-version":[{"id":2718,"href":"https:\/\/www.african-court.org\/afchpr\/wp-json\/wp\/v2\/posts\/2696\/revisions\/2718"}],"wp:attachment":[{"href":"https:\/\/www.african-court.org\/afchpr\/wp-json\/wp\/v2\/media?parent=2696"}],"wp:term":[{"taxonomy":"category","embeddable":true,"href":"https:\/\/www.african-court.org\/afchpr\/wp-json\/wp\/v2\/categories?post=2696"},{"taxonomy":"post_tag","embeddable":true,"href":"https:\/\/www.african-court.org\/afchpr\/wp-json\/wp\/v2\/tags?post=2696"}],"curies":[{"name":"wp","href":"https:\/\/api.w.org\/{rel}","templated":true}]}}