{"id":24502,"date":"2026-08-27T11:02:28","date_gmt":"2026-08-27T08:02:28","guid":{"rendered":"https:\/\/www.african-court.org\/afchpr\/?p=24502"},"modified":"2026-08-28T14:20:14","modified_gmt":"2026-08-28T11:20:14","slug":"la-cour-africaine-des-droits-de-lhomme-et-des-peuples-tiendra-sa-82e-session-ordinaire-du-31-aout-au-25-septembre-2026","status":"publish","type":"post","link":"https:\/\/www.african-court.org\/afchpr\/la-cour-africaine-des-droits-de-lhomme-et-des-peuples-tiendra-sa-82e-session-ordinaire-du-31-aout-au-25-septembre-2026\/?lang=fr","title":{"rendered":"La Cour africaine des droits de l\u2019homme et des peuples tiendra sa 82e session ordinaire du 31 ao\u00fbt au 25 septembre 2026"},"content":{"rendered":"\n<p class=\"wp-block-paragraph\"><strong><em>Arusha, le 24 ao\u00fbt 2026 :<\/em><\/strong><strong> <\/strong>La Cour africaine des droits de l\u2019homme et des peuples (la Cour) tiendra sa 82<sup>e<\/sup> Session ordinaire du <strong>31 ao\u00fbt au 25 septembre 2026<\/strong> \u00e0 Arusha (R\u00e9publique-Unie de Tanzanie).<\/p>\n\n\n\n<p class=\"wp-block-paragraph\">La Cour examinera les requ\u00eates dont elle a \u00e9t\u00e9 saisie ainsi que d\u2019autres questions judiciaires connexes.<\/p>\n\n\n\n<p class=\"wp-block-paragraph\">La Cour poursuivra \u00e9galement les pr\u00e9paratifs relatifs \u00e0 la comm\u00e9moration de son 20<sup>e<\/sup> anniversaire et mettra en \u0153uvre les activit\u00e9s y li\u00e9es, notamment une s\u00e9rie d\u2019initiatives sur l\u2019ensemble du continent, afin de mettre en lumi\u00e8re les r\u00e9alisations, les d\u00e9fis et la contribution de la Cour \u00e0 la protection des droits de l\u2019homme et des peuples au cours des deux derni\u00e8res d\u00e9cennies.<\/p>\n\n\n\n<p class=\"wp-block-paragraph\">Le <strong>jeudi 24 septembre 2026<\/strong>, la Cour rendra six (6) d\u00e9cisions<\/p>\n\n\n\n<p class=\"wp-block-paragraph\">dans les affaires suivantes :<\/p>\n\n\n\n<ol class=\"wp-block-list\">\n<li><a href=\"https:\/\/ajudata.african-court.org\/fr\/details-case\/0272019\">Requ\u00eate n\u00b0 027\/2019 \u2013 <em>Goore Bi Youzan Jean c. R\u00e9publique de C\u00f4te d\u2019Ivoire<\/em><\/a><\/li>\n\n\n\n<li>Instances jointes, Requ\u00eates n<sup>os<\/sup>\u00a0 <a href=\"https:\/\/ajudata.african-court.org\/details-case\/0282019\">028\/2019<\/a>,\u00a0<a href=\"https:\/\/ajudata.african-court.org\/details-case\/0302019\">030\/2019<\/a>,\u00a0<a href=\"https:\/\/ajudata.african-court.org\/details-case\/0312019\">031\/2019<\/a>,\u00a0<a href=\"https:\/\/ajudata.african-court.org\/details-case\/0332019\">033\/2019<\/a>,\u00a0<a href=\"https:\/\/ajudata.african-court.org\/details-case\/0472019\">047\/2019<\/a>,\u00a0<a href=\"https:\/\/ajudata.african-court.org\/details-case\/0512019\">051\/2019<\/a> et <a href=\"https:\/\/ajudata.african-court.org\/fr\/details-case\/0532019\">053\/2019<\/a> \u2013 <em>F\u00e9a Charles et autres c. R\u00e9publique de C\u00f4te d\u2019Ivoire<\/em><\/li>\n\n\n\n<li><a href=\"https:\/\/ajudata.african-court.org\/details-case\/0312020\">Requ\u00eate n\u00b0 031\/2020 \u2013 <em>Ibrahim Tour\u00e9 c. R\u00e9publique du Mali<\/em><\/a><\/li>\n\n\n\n<li><a href=\"https:\/\/ajudata.african-court.org\/details-case\/0142021\">Requ\u00eate n\u00b0 014\/2021 \u2013 <em>Souleymane Camara c. R\u00e9publique du Mali<\/em><\/a><\/li>\n\n\n\n<li><a href=\"https:\/\/ajudata.african-court.org\/details-case\/0032022\">Requ\u00eate n\u00b0 003\/2022 \u2013 <em>Mohamed Al Bousifi c. R\u00e9publique du Niger<\/em><\/a><\/li>\n\n\n\n<li><a href=\"https:\/\/ajudata.african-court.org\/details-case\/0042022\">Requ\u00eate n\u00b0 004\/2022 \u2013 <em>Kambeyo Ka Kaunda et un autre c. R\u00e9publique du Malawi<\/em><\/a><\/li>\n<\/ol>\n\n\n\n<p class=\"wp-block-paragraph\">Le prononc\u00e9 des arr\u00eats sera ouvert au public, soit sur place au si\u00e8ge de la Cour \u00e0 Arusha, en Tanzanie, soit par visioconf\u00e9rence via les liens suivants :<\/p>\n\n\n\n<p class=\"wp-block-paragraph\"><strong>Cha\u00eene YouTube<\/strong><\/p>\n\n\n\n<p class=\"wp-block-paragraph\">Canal anglais :\u00a0<a href=\"https:\/\/www.youtube.com\/c\/AfricanCourtEnglishChannel\">https:\/\/www.youtube.com\/c\/AfricanCourtEnglishChannel<\/a><br>Canal fran\u00e7ais :\u00a0<a href=\"https:\/\/www.youtube.com\/%40courafricaine\">https:\/\/www.youtube.com\/@courafricaine<\/a><br>Canal kiswahili :\u00a0<a href=\"https:\/\/www.youtube.com\/%40MahakamaYaAfrika\">https:\/\/www.youtube.com\/@MahakamaYaAfrika<\/a><\/p>\n\n\n\n<p class=\"wp-block-paragraph\">L\u2019audience sera \u00e9galement accessible via la plateforme Zoom, un service d\u2019interpr\u00e9tation simultan\u00e9e en anglais, arabe, fran\u00e7ais, kiswahili et portugais \u00e9tant fourni.<\/p>\n\n\n\n<p class=\"wp-block-paragraph\"><strong>Plate-forme Zoom<\/strong><\/p>\n\n\n\n<p class=\"wp-block-paragraph\"><a href=\"https:\/\/zoom.us\/j\/98793415922\">https:\/\/zoom.us\/j\/98793415922<\/a><br>Mot de passe : 162135<\/p>\n\n\n\n<p class=\"wp-block-paragraph\"><strong><u>NOTES \u00c0 L\u2019INTENTION DES R\u00c9DACTEURS EN CHEF<\/u><\/strong><strong>&nbsp;:<\/strong><strong><\/strong><\/p>\n\n\n\n<ol class=\"wp-block-list\">\n<li>La Cour africaine des droits de l\u2019homme et des peuples (CAfDHP) est une cour continentale cr\u00e9\u00e9e par les \u00c9tats membres de l\u2019Union africaine afin de renforcer la protection des droits de l\u2019homme et des peuples en Afrique. Elle compl\u00e8te et renforce le mandat de la Commission africaine des droits de l\u2019homme et des peuples.<\/li>\n\n\n\n<li>La Cour se compose de onze juges, ressortissants des \u00c9tats membres de l\u2019Union africaine, \u00e9lus \u00e0 titre individuel. La Cour se r\u00e9unit quatre fois par an en sessions ordinaires et peut tenir des sessions extraordinaires.<\/li>\n\n\n\n<li>La Cour a pour mandat de conna\u00eetre des affaires et diff\u00e9rends concernant l\u2019interpr\u00e9tation et l\u2019application de la Charte africaine des droits de l\u2019homme et des peuples, ainsi que de tout autre instrument relatif aux droits de l\u2019homme ratifi\u00e9 par les \u00c9tats concern\u00e9s.<\/li>\n<\/ol>\n\n\n\n<p class=\"has-text-align-center wp-block-paragraph\"><em>De plus amples informations sont disponibles sur le site Internet de la Cour \u00e0 l\u2019adresse suivante :<\/em> <a href=\"http:\/\/www.african-court.org\"><em>www.african-court.org<\/em><\/a><em> T\u00e9l\u00e9phone : +255 680 500 555<\/em><br><em>Vous pouvez \u00e9galement adresser vos questions au Dr Robert Eno, Greffier \u2013 <\/em><a href=\"mailto:Registrar@african-court.org\"><em>Registrar@african-court.org<\/em><\/a><br><em>Pour la couverture m\u00e9diatique, veuillez contacter Mme Chipiliro Kansilanga Ngue, Fonctionnaire principale charg\u00e9e de l\u2019information et de la communication et chef de l\u2019Unit\u00e9 charg\u00e9e de la communication, \u00e0 l\u2019adresse suivante: <\/em><a href=\"mailto:Chipiliro.Kansilanga@african-court.org\"><em>Chipiliro.Kansilanga@african-court.org<\/em><\/a><\/p>\n\n\n\n<hr class=\"wp-block-separator has-alpha-channel-opacity\"\/>\n","protected":false},"excerpt":{"rendered":"<p>Arusha, le 24 ao\u00fbt 2026 : La Cour africaine des droits de l\u2019homme et des peuples (la Cour) tiendra sa 82e Session ordinaire du 31 ao\u00fbt au 25 septembre 2026 \u00e0 Arusha (R\u00e9publique-Unie de Tanzanie). La Cour examinera les requ\u00eates dont elle a \u00e9t\u00e9 saisie ainsi que d\u2019autres questions judiciaires connexes. La Cour poursuivra \u00e9galement [&hellip;]<\/p>\n","protected":false},"author":1,"featured_media":24504,"comment_status":"closed","ping_status":"closed","sticky":false,"template":"","format":"standard","meta":{"jnews-multi-image_gallery":[],"jnews_single_post":{"format":"standard"},"jnews_primary_category":[],"jnews_social_meta":[],"jnews_override_counter":[],"jnews_post_split":[],"footnotes":""},"categories":[96,102,495],"tags":[],"class_list":["post-24502","post","type-post","status-publish","format-standard","has-post-thumbnail","hentry","category-communiques-de-presse","category-flash-infos","category-ordinary-session-fr"],"yoast_head":"<!-- This site is optimized with the Yoast SEO plugin v28.0 - https:\/\/yoast.com\/product\/yoast-seo-wordpress\/ -->\n<title>La Cour africaine des droits de l\u2019homme et des peuples tiendra sa 82e session ordinaire du 31 ao\u00fbt au 25 septembre 2026 - African Court on Human and Peoples&#039; Rights<\/title>\n<meta name=\"robots\" content=\"index, follow, max-snippet:-1, max-image-preview:large, max-video-preview:-1\" \/>\n<link rel=\"canonical\" href=\"https:\/\/www.african-court.org\/afchpr\/la-cour-africaine-des-droits-de-lhomme-et-des-peuples-tiendra-sa-82e-session-ordinaire-du-31-aout-au-25-septembre-2026\/\" \/>\n<meta property=\"og:locale\" content=\"en_US\" \/>\n<meta property=\"og:type\" content=\"article\" \/>\n<meta property=\"og:title\" content=\"La Cour africaine des droits de l\u2019homme et des peuples tiendra sa 82e session ordinaire du 31 ao\u00fbt au 25 septembre 2026 - African Court on Human and Peoples&#039; Rights\" \/>\n<meta property=\"og:description\" content=\"Arusha, le 24 ao\u00fbt 2026 : La Cour africaine des droits de l\u2019homme et des peuples (la Cour) tiendra sa 82e Session ordinaire du 31 ao\u00fbt au 25 septembre 2026 \u00e0 Arusha (R\u00e9publique-Unie de Tanzanie). La Cour examinera les requ\u00eates dont elle a \u00e9t\u00e9 saisie ainsi que d\u2019autres questions judiciaires connexes. La Cour poursuivra \u00e9galement [&hellip;]\" \/>\n<meta property=\"og:url\" content=\"https:\/\/www.african-court.org\/afchpr\/la-cour-africaine-des-droits-de-lhomme-et-des-peuples-tiendra-sa-82e-session-ordinaire-du-31-aout-au-25-septembre-2026\/?lang=fr\" \/>\n<meta property=\"og:site_name\" content=\"African Court on Human and Peoples&#039; Rights\" \/>\n<meta property=\"article:publisher\" content=\"https:\/\/www.facebook.com\/afchpr\" \/>\n<meta property=\"article:published_time\" content=\"2026-08-27T08:02:28+00:00\" \/>\n<meta property=\"article:modified_time\" content=\"2026-08-28T11:20:14+00:00\" \/>\n<meta property=\"og:image\" content=\"https:\/\/www.african-court.org\/afchpr\/wp-content\/uploads\/2026\/08\/FR_82nd-session-ordianaire.png\" \/>\n\t<meta property=\"og:image:width\" content=\"2016\" \/>\n\t<meta property=\"og:image:height\" content=\"1134\" \/>\n\t<meta property=\"og:image:type\" content=\"image\/png\" \/>\n<meta name=\"author\" content=\"gorbiromaric\" \/>\n<meta name=\"twitter:card\" content=\"summary_large_image\" \/>\n<meta name=\"twitter:label1\" content=\"Written by\" \/>\n\t<meta name=\"twitter:data1\" content=\"gorbiromaric\" \/>\n\t<meta name=\"twitter:label2\" content=\"Est. reading time\" \/>\n\t<meta name=\"twitter:data2\" content=\"3 minutes\" \/>\n<script type=\"application\/ld+json\" class=\"yoast-schema-graph\">{\"@context\":\"https:\\\/\\\/schema.org\",\"@graph\":[{\"@type\":\"Article\",\"@id\":\"https:\\\/\\\/www.african-court.org\\\/afchpr\\\/la-cour-africaine-des-droits-de-lhomme-et-des-peuples-tiendra-sa-82e-session-ordinaire-du-31-aout-au-25-septembre-2026\\\/?lang=fr#article\",\"isPartOf\":{\"@id\":\"https:\\\/\\\/www.african-court.org\\\/afchpr\\\/la-cour-africaine-des-droits-de-lhomme-et-des-peuples-tiendra-sa-82e-session-ordinaire-du-31-aout-au-25-septembre-2026\\\/?lang=fr\"},\"author\":{\"name\":\"gorbiromaric\",\"@id\":\"https:\\\/\\\/www.african-court.org\\\/afchpr\\\/#\\\/schema\\\/person\\\/568fec949c2f77a1c6ee12ee72b4966a\"},\"headline\":\"La Cour africaine des droits de l\u2019homme et des peuples tiendra sa 82e session ordinaire du 31 ao\u00fbt au 25 septembre 2026\",\"datePublished\":\"2026-08-27T08:02:28+00:00\",\"dateModified\":\"2026-08-28T11:20:14+00:00\",\"mainEntityOfPage\":{\"@id\":\"https:\\\/\\\/www.african-court.org\\\/afchpr\\\/la-cour-africaine-des-droits-de-lhomme-et-des-peuples-tiendra-sa-82e-session-ordinaire-du-31-aout-au-25-septembre-2026\\\/?lang=fr\"},\"wordCount\":555,\"publisher\":{\"@id\":\"https:\\\/\\\/www.african-court.org\\\/afchpr\\\/#organization\"},\"image\":{\"@id\":\"https:\\\/\\\/www.african-court.org\\\/afchpr\\\/la-cour-africaine-des-droits-de-lhomme-et-des-peuples-tiendra-sa-82e-session-ordinaire-du-31-aout-au-25-septembre-2026\\\/?lang=fr#primaryimage\"},\"thumbnailUrl\":\"https:\\\/\\\/www.african-court.org\\\/afchpr\\\/wp-content\\\/uploads\\\/2026\\\/08\\\/FR_82nd-session-ordianaire.png\",\"articleSection\":[\"Communiqu\u00e9s de Presse\",\"Flash Infos\",\"Ordinary session\"],\"inLanguage\":\"en-US\"},{\"@type\":\"WebPage\",\"@id\":\"https:\\\/\\\/www.african-court.org\\\/afchpr\\\/la-cour-africaine-des-droits-de-lhomme-et-des-peuples-tiendra-sa-82e-session-ordinaire-du-31-aout-au-25-septembre-2026\\\/?lang=fr\",\"url\":\"https:\\\/\\\/www.african-court.org\\\/afchpr\\\/la-cour-africaine-des-droits-de-lhomme-et-des-peuples-tiendra-sa-82e-session-ordinaire-du-31-aout-au-25-septembre-2026\\\/?lang=fr\",\"name\":\"La Cour africaine des droits de l\u2019homme et des peuples tiendra sa 82e session ordinaire du 31 ao\u00fbt au 25 septembre 2026 - African Court on Human and Peoples&#039; Rights\",\"isPartOf\":{\"@id\":\"https:\\\/\\\/www.african-court.org\\\/afchpr\\\/#website\"},\"primaryImageOfPage\":{\"@id\":\"https:\\\/\\\/www.african-court.org\\\/afchpr\\\/la-cour-africaine-des-droits-de-lhomme-et-des-peuples-tiendra-sa-82e-session-ordinaire-du-31-aout-au-25-septembre-2026\\\/?lang=fr#primaryimage\"},\"image\":{\"@id\":\"https:\\\/\\\/www.african-court.org\\\/afchpr\\\/la-cour-africaine-des-droits-de-lhomme-et-des-peuples-tiendra-sa-82e-session-ordinaire-du-31-aout-au-25-septembre-2026\\\/?lang=fr#primaryimage\"},\"thumbnailUrl\":\"https:\\\/\\\/www.african-court.org\\\/afchpr\\\/wp-content\\\/uploads\\\/2026\\\/08\\\/FR_82nd-session-ordianaire.png\",\"datePublished\":\"2026-08-27T08:02:28+00:00\",\"dateModified\":\"2026-08-28T11:20:14+00:00\",\"breadcrumb\":{\"@id\":\"https:\\\/\\\/www.african-court.org\\\/afchpr\\\/la-cour-africaine-des-droits-de-lhomme-et-des-peuples-tiendra-sa-82e-session-ordinaire-du-31-aout-au-25-septembre-2026\\\/?lang=fr#breadcrumb\"},\"inLanguage\":\"en-US\",\"potentialAction\":[{\"@type\":\"ReadAction\",\"target\":[\"https:\\\/\\\/www.african-court.org\\\/afchpr\\\/la-cour-africaine-des-droits-de-lhomme-et-des-peuples-tiendra-sa-82e-session-ordinaire-du-31-aout-au-25-septembre-2026\\\/?lang=fr\"]}]},{\"@type\":\"ImageObject\",\"inLanguage\":\"en-US\",\"@id\":\"https:\\\/\\\/www.african-court.org\\\/afchpr\\\/la-cour-africaine-des-droits-de-lhomme-et-des-peuples-tiendra-sa-82e-session-ordinaire-du-31-aout-au-25-septembre-2026\\\/?lang=fr#primaryimage\",\"url\":\"https:\\\/\\\/www.african-court.org\\\/afchpr\\\/wp-content\\\/uploads\\\/2026\\\/08\\\/FR_82nd-session-ordianaire.png\",\"contentUrl\":\"https:\\\/\\\/www.african-court.org\\\/afchpr\\\/wp-content\\\/uploads\\\/2026\\\/08\\\/FR_82nd-session-ordianaire.png\",\"width\":2016,\"height\":1134},{\"@type\":\"BreadcrumbList\",\"@id\":\"https:\\\/\\\/www.african-court.org\\\/afchpr\\\/la-cour-africaine-des-droits-de-lhomme-et-des-peuples-tiendra-sa-82e-session-ordinaire-du-31-aout-au-25-septembre-2026\\\/?lang=fr#breadcrumb\",\"itemListElement\":[{\"@type\":\"ListItem\",\"position\":1,\"name\":\"Home\",\"item\":\"https:\\\/\\\/www.african-court.org\\\/afchpr\\\/\"},{\"@type\":\"ListItem\",\"position\":2,\"name\":\"La Cour africaine des droits de l\u2019homme et des peuples tiendra sa 82e session ordinaire du 31 ao\u00fbt au 25 septembre 2026\"}]},{\"@type\":\"WebSite\",\"@id\":\"https:\\\/\\\/www.african-court.org\\\/afchpr\\\/#website\",\"url\":\"https:\\\/\\\/www.african-court.org\\\/afchpr\\\/\",\"name\":\"African Court on Human and Peoples&#039; Rights\",\"description\":\"Protecting human rights in Africa\",\"publisher\":{\"@id\":\"https:\\\/\\\/www.african-court.org\\\/afchpr\\\/#organization\"},\"potentialAction\":[{\"@type\":\"SearchAction\",\"target\":{\"@type\":\"EntryPoint\",\"urlTemplate\":\"https:\\\/\\\/www.african-court.org\\\/afchpr\\\/?s={search_term_string}\"},\"query-input\":{\"@type\":\"PropertyValueSpecification\",\"valueRequired\":true,\"valueName\":\"search_term_string\"}}],\"inLanguage\":\"en-US\"},{\"@type\":\"Organization\",\"@id\":\"https:\\\/\\\/www.african-court.org\\\/afchpr\\\/#organization\",\"name\":\"African court on human and peoples' rights\",\"url\":\"https:\\\/\\\/www.african-court.org\\\/afchpr\\\/\",\"logo\":{\"@type\":\"ImageObject\",\"inLanguage\":\"en-US\",\"@id\":\"https:\\\/\\\/www.african-court.org\\\/afchpr\\\/#\\\/schema\\\/logo\\\/image\\\/\",\"url\":\"https:\\\/\\\/www.african-court.org\\\/wpafc\\\/wp-content\\\/uploads\\\/2020\\\/04\\\/African-Court-logo.png\",\"contentUrl\":\"https:\\\/\\\/www.african-court.org\\\/wpafc\\\/wp-content\\\/uploads\\\/2020\\\/04\\\/African-Court-logo.png\",\"width\":835,\"height\":835,\"caption\":\"African court on human and peoples' rights\"},\"image\":{\"@id\":\"https:\\\/\\\/www.african-court.org\\\/afchpr\\\/#\\\/schema\\\/logo\\\/image\\\/\"},\"sameAs\":[\"https:\\\/\\\/www.facebook.com\\\/afchpr\",\"https:\\\/\\\/www.youtube.com\\\/user\\\/africancourt\"]},{\"@type\":\"Person\",\"@id\":\"https:\\\/\\\/www.african-court.org\\\/afchpr\\\/#\\\/schema\\\/person\\\/568fec949c2f77a1c6ee12ee72b4966a\",\"name\":\"gorbiromaric\",\"image\":{\"@type\":\"ImageObject\",\"inLanguage\":\"en-US\",\"@id\":\"https:\\\/\\\/secure.gravatar.com\\\/avatar\\\/a04945442a7b840a49295088837c02edf1b7bc9f902b08ad2e55d650ffa7deb5?s=96&d=mm&r=g\",\"url\":\"https:\\\/\\\/secure.gravatar.com\\\/avatar\\\/a04945442a7b840a49295088837c02edf1b7bc9f902b08ad2e55d650ffa7deb5?s=96&d=mm&r=g\",\"contentUrl\":\"https:\\\/\\\/secure.gravatar.com\\\/avatar\\\/a04945442a7b840a49295088837c02edf1b7bc9f902b08ad2e55d650ffa7deb5?s=96&d=mm&r=g\",\"caption\":\"gorbiromaric\"},\"url\":\"https:\\\/\\\/www.african-court.org\\\/afchpr\\\/author\\\/gorbiromaric\\\/\"}]}<\/script>\n<!-- \/ Yoast SEO plugin. -->","yoast_head_json":{"title":"La Cour africaine des droits de l\u2019homme et des peuples tiendra sa 82e session ordinaire du 31 ao\u00fbt au 25 septembre 2026 - African Court on Human and Peoples&#039; Rights","robots":{"index":"index","follow":"follow","max-snippet":"max-snippet:-1","max-image-preview":"max-image-preview:large","max-video-preview":"max-video-preview:-1"},"canonical":"https:\/\/www.african-court.org\/afchpr\/la-cour-africaine-des-droits-de-lhomme-et-des-peuples-tiendra-sa-82e-session-ordinaire-du-31-aout-au-25-septembre-2026\/","og_locale":"en_US","og_type":"article","og_title":"La Cour africaine des droits de l\u2019homme et des peuples tiendra sa 82e session ordinaire du 31 ao\u00fbt au 25 septembre 2026 - African Court on Human and Peoples&#039; Rights","og_description":"Arusha, le 24 ao\u00fbt 2026 : La Cour africaine des droits de l\u2019homme et des peuples (la Cour) tiendra sa 82e Session ordinaire du 31 ao\u00fbt au 25 septembre 2026 \u00e0 Arusha (R\u00e9publique-Unie de Tanzanie). La Cour examinera les requ\u00eates dont elle a \u00e9t\u00e9 saisie ainsi que d\u2019autres questions judiciaires connexes. La Cour poursuivra \u00e9galement [&hellip;]","og_url":"https:\/\/www.african-court.org\/afchpr\/la-cour-africaine-des-droits-de-lhomme-et-des-peuples-tiendra-sa-82e-session-ordinaire-du-31-aout-au-25-septembre-2026\/?lang=fr","og_site_name":"African Court on Human and Peoples&#039; Rights","article_publisher":"https:\/\/www.facebook.com\/afchpr","article_published_time":"2026-08-27T08:02:28+00:00","article_modified_time":"2026-08-28T11:20:14+00:00","og_image":[{"width":2016,"height":1134,"url":"https:\/\/www.african-court.org\/afchpr\/wp-content\/uploads\/2026\/08\/FR_82nd-session-ordianaire.png","type":"image\/png"}],"author":"gorbiromaric","twitter_card":"summary_large_image","twitter_misc":{"Written by":"gorbiromaric","Est. reading time":"3 minutes"},"schema":{"@context":"https:\/\/schema.org","@graph":[{"@type":"Article","@id":"https:\/\/www.african-court.org\/afchpr\/la-cour-africaine-des-droits-de-lhomme-et-des-peuples-tiendra-sa-82e-session-ordinaire-du-31-aout-au-25-septembre-2026\/?lang=fr#article","isPartOf":{"@id":"https:\/\/www.african-court.org\/afchpr\/la-cour-africaine-des-droits-de-lhomme-et-des-peuples-tiendra-sa-82e-session-ordinaire-du-31-aout-au-25-septembre-2026\/?lang=fr"},"author":{"name":"gorbiromaric","@id":"https:\/\/www.african-court.org\/afchpr\/#\/schema\/person\/568fec949c2f77a1c6ee12ee72b4966a"},"headline":"La Cour africaine des droits de l\u2019homme et des peuples tiendra sa 82e session ordinaire du 31 ao\u00fbt au 25 septembre 2026","datePublished":"2026-08-27T08:02:28+00:00","dateModified":"2026-08-28T11:20:14+00:00","mainEntityOfPage":{"@id":"https:\/\/www.african-court.org\/afchpr\/la-cour-africaine-des-droits-de-lhomme-et-des-peuples-tiendra-sa-82e-session-ordinaire-du-31-aout-au-25-septembre-2026\/?lang=fr"},"wordCount":555,"publisher":{"@id":"https:\/\/www.african-court.org\/afchpr\/#organization"},"image":{"@id":"https:\/\/www.african-court.org\/afchpr\/la-cour-africaine-des-droits-de-lhomme-et-des-peuples-tiendra-sa-82e-session-ordinaire-du-31-aout-au-25-septembre-2026\/?lang=fr#primaryimage"},"thumbnailUrl":"https:\/\/www.african-court.org\/afchpr\/wp-content\/uploads\/2026\/08\/FR_82nd-session-ordianaire.png","articleSection":["Communiqu\u00e9s de Presse","Flash Infos","Ordinary session"],"inLanguage":"en-US"},{"@type":"WebPage","@id":"https:\/\/www.african-court.org\/afchpr\/la-cour-africaine-des-droits-de-lhomme-et-des-peuples-tiendra-sa-82e-session-ordinaire-du-31-aout-au-25-septembre-2026\/?lang=fr","url":"https:\/\/www.african-court.org\/afchpr\/la-cour-africaine-des-droits-de-lhomme-et-des-peuples-tiendra-sa-82e-session-ordinaire-du-31-aout-au-25-septembre-2026\/?lang=fr","name":"La Cour africaine des droits de l\u2019homme et des peuples tiendra sa 82e session ordinaire du 31 ao\u00fbt au 25 septembre 2026 - African Court on Human and Peoples&#039; Rights","isPartOf":{"@id":"https:\/\/www.african-court.org\/afchpr\/#website"},"primaryImageOfPage":{"@id":"https:\/\/www.african-court.org\/afchpr\/la-cour-africaine-des-droits-de-lhomme-et-des-peuples-tiendra-sa-82e-session-ordinaire-du-31-aout-au-25-septembre-2026\/?lang=fr#primaryimage"},"image":{"@id":"https:\/\/www.african-court.org\/afchpr\/la-cour-africaine-des-droits-de-lhomme-et-des-peuples-tiendra-sa-82e-session-ordinaire-du-31-aout-au-25-septembre-2026\/?lang=fr#primaryimage"},"thumbnailUrl":"https:\/\/www.african-court.org\/afchpr\/wp-content\/uploads\/2026\/08\/FR_82nd-session-ordianaire.png","datePublished":"2026-08-27T08:02:28+00:00","dateModified":"2026-08-28T11:20:14+00:00","breadcrumb":{"@id":"https:\/\/www.african-court.org\/afchpr\/la-cour-africaine-des-droits-de-lhomme-et-des-peuples-tiendra-sa-82e-session-ordinaire-du-31-aout-au-25-septembre-2026\/?lang=fr#breadcrumb"},"inLanguage":"en-US","potentialAction":[{"@type":"ReadAction","target":["https:\/\/www.african-court.org\/afchpr\/la-cour-africaine-des-droits-de-lhomme-et-des-peuples-tiendra-sa-82e-session-ordinaire-du-31-aout-au-25-septembre-2026\/?lang=fr"]}]},{"@type":"ImageObject","inLanguage":"en-US","@id":"https:\/\/www.african-court.org\/afchpr\/la-cour-africaine-des-droits-de-lhomme-et-des-peuples-tiendra-sa-82e-session-ordinaire-du-31-aout-au-25-septembre-2026\/?lang=fr#primaryimage","url":"https:\/\/www.african-court.org\/afchpr\/wp-content\/uploads\/2026\/08\/FR_82nd-session-ordianaire.png","contentUrl":"https:\/\/www.african-court.org\/afchpr\/wp-content\/uploads\/2026\/08\/FR_82nd-session-ordianaire.png","width":2016,"height":1134},{"@type":"BreadcrumbList","@id":"https:\/\/www.african-court.org\/afchpr\/la-cour-africaine-des-droits-de-lhomme-et-des-peuples-tiendra-sa-82e-session-ordinaire-du-31-aout-au-25-septembre-2026\/?lang=fr#breadcrumb","itemListElement":[{"@type":"ListItem","position":1,"name":"Home","item":"https:\/\/www.african-court.org\/afchpr\/"},{"@type":"ListItem","position":2,"name":"La Cour africaine des droits de l\u2019homme et des peuples tiendra sa 82e session ordinaire du 31 ao\u00fbt au 25 septembre 2026"}]},{"@type":"WebSite","@id":"https:\/\/www.african-court.org\/afchpr\/#website","url":"https:\/\/www.african-court.org\/afchpr\/","name":"African Court on Human and Peoples&#039; Rights","description":"Protecting human rights in Africa","publisher":{"@id":"https:\/\/www.african-court.org\/afchpr\/#organization"},"potentialAction":[{"@type":"SearchAction","target":{"@type":"EntryPoint","urlTemplate":"https:\/\/www.african-court.org\/afchpr\/?s={search_term_string}"},"query-input":{"@type":"PropertyValueSpecification","valueRequired":true,"valueName":"search_term_string"}}],"inLanguage":"en-US"},{"@type":"Organization","@id":"https:\/\/www.african-court.org\/afchpr\/#organization","name":"African court on human and peoples' rights","url":"https:\/\/www.african-court.org\/afchpr\/","logo":{"@type":"ImageObject","inLanguage":"en-US","@id":"https:\/\/www.african-court.org\/afchpr\/#\/schema\/logo\/image\/","url":"https:\/\/www.african-court.org\/wpafc\/wp-content\/uploads\/2020\/04\/African-Court-logo.png","contentUrl":"https:\/\/www.african-court.org\/wpafc\/wp-content\/uploads\/2020\/04\/African-Court-logo.png","width":835,"height":835,"caption":"African court on human and peoples' rights"},"image":{"@id":"https:\/\/www.african-court.org\/afchpr\/#\/schema\/logo\/image\/"},"sameAs":["https:\/\/www.facebook.com\/afchpr","https:\/\/www.youtube.com\/user\/africancourt"]},{"@type":"Person","@id":"https:\/\/www.african-court.org\/afchpr\/#\/schema\/person\/568fec949c2f77a1c6ee12ee72b4966a","name":"gorbiromaric","image":{"@type":"ImageObject","inLanguage":"en-US","@id":"https:\/\/secure.gravatar.com\/avatar\/a04945442a7b840a49295088837c02edf1b7bc9f902b08ad2e55d650ffa7deb5?s=96&d=mm&r=g","url":"https:\/\/secure.gravatar.com\/avatar\/a04945442a7b840a49295088837c02edf1b7bc9f902b08ad2e55d650ffa7deb5?s=96&d=mm&r=g","contentUrl":"https:\/\/secure.gravatar.com\/avatar\/a04945442a7b840a49295088837c02edf1b7bc9f902b08ad2e55d650ffa7deb5?s=96&d=mm&r=g","caption":"gorbiromaric"},"url":"https:\/\/www.african-court.org\/afchpr\/author\/gorbiromaric\/"}]}},"publishpress_future_action":{"enabled":false,"date":"2026-09-07 08:43:22","action":"change-status","newStatus":"draft","terms":[],"taxonomy":"category","extraData":[]},"publishpress_future_workflow_manual_trigger":{"enabledWorkflows":[]},"post_mailing_queue_ids":[],"_links":{"self":[{"href":"https:\/\/www.african-court.org\/afchpr\/wp-json\/wp\/v2\/posts\/24502","targetHints":{"allow":["GET"]}}],"collection":[{"href":"https:\/\/www.african-court.org\/afchpr\/wp-json\/wp\/v2\/posts"}],"about":[{"href":"https:\/\/www.african-court.org\/afchpr\/wp-json\/wp\/v2\/types\/post"}],"author":[{"embeddable":true,"href":"https:\/\/www.african-court.org\/afchpr\/wp-json\/wp\/v2\/users\/1"}],"replies":[{"embeddable":true,"href":"https:\/\/www.african-court.org\/afchpr\/wp-json\/wp\/v2\/comments?post=24502"}],"version-history":[{"count":1,"href":"https:\/\/www.african-court.org\/afchpr\/wp-json\/wp\/v2\/posts\/24502\/revisions"}],"predecessor-version":[{"id":24503,"href":"https:\/\/www.african-court.org\/afchpr\/wp-json\/wp\/v2\/posts\/24502\/revisions\/24503"}],"wp:featuredmedia":[{"embeddable":true,"href":"https:\/\/www.african-court.org\/afchpr\/wp-json\/wp\/v2\/media\/24504"}],"wp:attachment":[{"href":"https:\/\/www.african-court.org\/afchpr\/wp-json\/wp\/v2\/media?parent=24502"}],"wp:term":[{"taxonomy":"category","embeddable":true,"href":"https:\/\/www.african-court.org\/afchpr\/wp-json\/wp\/v2\/categories?post=24502"},{"taxonomy":"post_tag","embeddable":true,"href":"https:\/\/www.african-court.org\/afchpr\/wp-json\/wp\/v2\/tags?post=24502"}],"curies":[{"name":"wp","href":"https:\/\/api.w.org\/{rel}","templated":true}]}}