{"id":24495,"date":"2026-08-27T11:02:28","date_gmt":"2026-08-27T08:02:28","guid":{"rendered":"https:\/\/www.african-court.org\/afchpr\/?p=24495"},"modified":"2026-08-28T11:28:08","modified_gmt":"2026-08-28T08:28:08","slug":"o-tribunal-africano-dos-direitos-do-homem-e-dos-povos-realiza-a-sua-82-asessao-ordinaria-de-31-de-agosto-a-25-de-setembro-de-2026","status":"publish","type":"post","link":"https:\/\/www.african-court.org\/afchpr\/o-tribunal-africano-dos-direitos-do-homem-e-dos-povos-realiza-a-sua-82-asessao-ordinaria-de-31-de-agosto-a-25-de-setembro-de-2026\/?lang=pt-pt","title":{"rendered":"O tribunal africano dos direitos do homem e dos povos realiza a sua 82.\u00aasess\u00e3o ordin\u00e1ria de 31 de agosto a 25 de setembro de 2026"},"content":{"rendered":"\n<p class=\"wp-block-paragraph\"><em><strong>Arusha, 24 de Agosto de 2026<\/strong>:<\/em> O Tribunal Africano dos Direitos do Homem e dos Povos (TADHP) realizar\u00e1 a sua 82.<sup>\u00aa<\/sup>Sess\u00e3o Ordin\u00e1ria de<strong> 31 de Agosto a 25 de Setembro de 2026<\/strong> em Arusha, Rep\u00fablica Unida da Tanz\u00e2nia.<\/p>\n\n<p class=\"wp-block-paragraph\">O Tribunal analisar\u00e1 as peti\u00e7\u00f5es pendentes e deliberar\u00e1 sobre outras quest\u00f5es judiciais relacionadas.<\/p>\n\n<p class=\"wp-block-paragraph\">O Tribunal continuar\u00e1 a planear e a implementar actividades para assinalar o seu 20.<sup>\u00ba<\/sup> anivers\u00e1rio, atrav\u00e9s de uma s\u00e9rie de iniciativas que decorrer\u00e3o ao longo de um ano em todo o continente, com vista a destacar as suas conquistas, os desafios enfrentados e o seu contributo para a protec\u00e7\u00e3o dos direitos humanos e dos povos ao longo das \u00faltimas duas d\u00e9cadas.<\/p>\n\n<p class=\"wp-block-paragraph\">Na Quinta-feira, <strong>24 de Setembro de 2026<\/strong>, o Tribunal proceder\u00e1 \u00e0 prola\u00e7\u00e3o de seis (6) ac\u00f3rd\u00e3os.<\/p>\n\n<p class=\"wp-block-paragraph\">Proceder-se-\u00e1 \u00e0 prola\u00e7\u00e3o de ac\u00f3rd\u00e3os nos seguintes processos:<\/p>\n\n<ol class=\"wp-block-list\">\n<li><\/li>\n<\/ol>\n\n<ol class=\"wp-block-list\">\n<li><a href=\"https:\/\/ajudata.african-court.org\/pt\/details-case\/0272019\">Peti\u00e7\u00e3o n.\u00ba 027\/2019 \u2013 Goore Bi Youzan Jean contra a Rep\u00fablica de C\u00f4te d\u2019Ivoire <\/a><\/li>\n\n\n\n<li>Peti\u00e7\u00f5es Consolidadas n.\u00ba No <a href=\"https:\/\/ajudata.african-court.org\/details-case\/0282019\">028\/2019<\/a>, <a href=\"https:\/\/ajudata.african-court.org\/details-case\/0302019\">030\/2019<\/a>, <a href=\"https:\/\/ajudata.african-court.org\/details-case\/0312019\">031\/2019<\/a>, <a href=\"https:\/\/ajudata.african-court.org\/details-case\/0332019\">033\/2019<\/a>, <a href=\"https:\/\/ajudata.african-court.org\/details-case\/0472019\">047\/2019<\/a>, <a href=\"https:\/\/ajudata.african-court.org\/details-case\/0512019\">051\/2019<\/a> e <a href=\"https:\/\/ajudata.african-court.org\/details-case\/0532019\">053\/2019<\/a> \u2013Fea Charles e Outros c. Rep\u00fablica de C\u00f4te d\u2019Ivoire<\/li>\n\n\n\n<li><a href=\"https:\/\/ajudata.african-court.org\/pt\/details-case\/0312020\">Peti\u00e7\u00e3o n.\u00ba 031\/2020 \u2013 Ibrahim Tour\u00e9 c. Rep\u00fablica do Mali <\/a><\/li>\n\n\n\n<li><a href=\"https:\/\/ajudata.african-court.org\/pt\/details-case\/0142021\">Peti\u00e7\u00e3o n.\u00ba 014\/2021 \u2013 Souleymane Camara c. Rep\u00fablica do Mali <\/a><\/li>\n\n\n\n<li><a href=\"https:\/\/ajudata.african-court.org\/pt\/details-case\/0032022\">Peti\u00e7\u00e3o n.\u00ba 003\/2022 \u2013 Mohamed Al Bousifi c. a Rep\u00fablica do N\u00edger <\/a><\/li>\n\n\n\n<li><a href=\"https:\/\/ajudata.african-court.org\/pt\/details-case\/0042022\">Peti\u00e7\u00e3o n.\u00ba 004\/2022 \u2013 Kambeyo Ka Kaunda e Outro c. Rep\u00fablica do Malawi<\/a><\/li>\n<\/ol>\n\n<p class=\"wp-block-paragraph\">A sess\u00e3o de prola\u00e7\u00e3o dos ac\u00f3rd\u00e3os est\u00e1 aberta ao p\u00fablico, tanto presencialmente, na sede do Tribunal em Arusha, Tanz\u00e2nia, como virtualmente atrav\u00e9s das seguintes liga\u00e7\u00f5es:<\/p>\n\n<p class=\"wp-block-paragraph\"><strong>Canal do YouTube<\/strong><\/p>\n\n<p class=\"wp-block-paragraph\">Canal em Ingl\u00eas: <a href=\"https:\/\/www.youtube.com\/c\/AfricanCourtEnglishChannel\">https:\/\/www.youtube.com\/c\/AfricanCourtEnglishChannel<\/a><br\/>Canal em Franc\u00eas: <a href=\"https:\/\/www.youtube.com\/@courafricaine\">https:\/\/www.youtube.com\/@courafricaine<\/a><br\/>Canal em Swahili: <a href=\"https:\/\/www.youtube.com\/@MahakamaYaAfrika\">https:\/\/www.youtube.com\/@MahakamaYaAfrika<\/a><\/p>\n\n<p class=\"wp-block-paragraph\">Na plataforma Zoom, a sess\u00e3o estar\u00e1 dispon\u00edvel com interpreta\u00e7\u00e3o simult\u00e2nea em<\/p>\n\n<p class=\"wp-block-paragraph\">\u00e1rabe, ingl\u00eas, franc\u00eas, swahili e portugu\u00eas.<\/p>\n\n<p class=\"wp-block-paragraph\"><strong>Plataforma Zoom<\/strong><\/p>\n\n<p class=\"wp-block-paragraph\"><a href=\"https:\/\/zoom.us\/j\/98793415922\">https:\/\/zoom.us\/j\/98793415922<\/a><br\/>Passcode: 162135<\/p>\n\n<p class=\"wp-block-paragraph\"><strong><u>NOTAS PARA OS EDITORES<\/u><strong>:<\/strong><\/strong><\/p>\n\n<ol class=\"wp-block-list\">\n<li>O Tribunal Africano dos Direitos do Homem e dos Povos (TADHP) \u00e9 um \u00f3rg\u00e3o da Uni\u00e3o Africana criada para garantir a protec\u00e7\u00e3o dos direitos humanos e dos povos em \u00c1frica. O Tribunal complementa e refor\u00e7a o mandato de protec\u00e7\u00e3o da Comiss\u00e3o Africana dos Direitos do Homem e dos Povos. <\/li>\n\n\n\n<li>O Tribunal \u00e9 composto por onze Ju\u00edzes, cidad\u00e3os dos Estados Membros da Uni\u00e3o Africana, eleitos a t\u00edtulo individual. O Tribunal re\u00fane-se quatro vezes por ano em Sess\u00e3o Ordin\u00e1ria, e em Sess\u00e3o Extraordin\u00e1ria quando necess\u00e1rio. <\/li>\n\n\n\n<li>O mandato do Tribunal inclui a aprecia\u00e7\u00e3o de processos e lit\u00edgios relacionados com a interpreta\u00e7\u00e3o e a aplica\u00e7\u00e3o da Carta Africana dos Direitos do Homem e dos Povos, e de quaisquer outros instrumentos de direitos humanos ratificados pelos Estados em causa.<\/li>\n<\/ol>\n\n<hr class=\"wp-block-separator has-alpha-channel-opacity\"\/>\n\n<p class=\"has-text-align-center wp-block-paragraph\">Para mais informa\u00e7\u00f5es sobre o Tribunal, consultar www.african-court.org Telefone: +255 680 500 555<br\/>Para mais informa\u00e7\u00f5es: Dr. Robert Eno, Escriv\u00e3o \u2013 Registrar@african-court.org<br\/><em><em>Para mais informa\u00e7\u00f5es \u00e0 imprensa contacte: Sra. Chipiliro Kansilanga Ngue \u2013 Oficial S\u00e9nior de Informa\u00e7\u00e3o e Comunica\u00e7\u00e3o e Chefe da Unidade de Comunica\u00e7\u00e3o Chipiliro.Kansilanga@african-court.org<\/em><\/em><\/p>\n\n<p class=\"wp-block-paragraph\"><\/p>\n","protected":false},"excerpt":{"rendered":"<p>Arusha, 24 de Agosto de 2026: O Tribunal Africano dos Direitos do Homem e dos Povos (TADHP) realizar\u00e1 a sua 82.\u00aaSess\u00e3o Ordin\u00e1ria de 31 de Agosto a 25 de Setembro de 2026 em Arusha, Rep\u00fablica Unida da Tanz\u00e2nia. O Tribunal analisar\u00e1 as peti\u00e7\u00f5es pendentes e deliberar\u00e1 sobre outras quest\u00f5es judiciais relacionadas. O Tribunal continuar\u00e1 a [&hellip;]<\/p>\n","protected":false},"author":1,"featured_media":24497,"comment_status":"closed","ping_status":"closed","sticky":false,"template":"","format":"standard","meta":{"jnews-multi-image_gallery":[],"jnews_single_post":{"format":"standard"},"jnews_primary_category":[],"jnews_social_meta":[],"jnews_override_counter":[],"jnews_post_split":[],"footnotes":""},"categories":[317,226,212,217],"tags":[],"class_list":["post-24495","post","type-post","status-publish","format-standard","has-post-thumbnail","hentry","category-atualizacao-de-noticias","category-comunicado-de-imprensa","category-noticias-breves","category-ultimas-informacoes"],"yoast_head":"<!-- This site is optimized with the Yoast SEO plugin v28.0 - https:\/\/yoast.com\/product\/yoast-seo-wordpress\/ -->\n<title>O tribunal africano dos direitos do homem e dos povos realiza a sua 82.\u00aasess\u00e3o ordin\u00e1ria de 31 de agosto a 25 de setembro de 2026 - African Court on Human and Peoples&#039; Rights<\/title>\n<meta name=\"robots\" content=\"index, follow, max-snippet:-1, max-image-preview:large, max-video-preview:-1\" \/>\n<link rel=\"canonical\" href=\"https:\/\/www.african-court.org\/afchpr\/o-tribunal-africano-dos-direitos-do-homem-e-dos-povos-realiza-a-sua-82-asessao-ordinaria-de-31-de-agosto-a-25-de-setembro-de-2026\/\" \/>\n<meta property=\"og:locale\" content=\"en_US\" \/>\n<meta property=\"og:type\" content=\"article\" \/>\n<meta property=\"og:title\" content=\"O tribunal africano dos direitos do homem e dos povos realiza a sua 82.\u00aasess\u00e3o ordin\u00e1ria de 31 de agosto a 25 de setembro de 2026 - African Court on Human and Peoples&#039; Rights\" \/>\n<meta property=\"og:description\" content=\"Arusha, 24 de Agosto de 2026: O Tribunal Africano dos Direitos do Homem e dos Povos (TADHP) realizar\u00e1 a sua 82.\u00aaSess\u00e3o Ordin\u00e1ria de 31 de Agosto a 25 de Setembro de 2026 em Arusha, Rep\u00fablica Unida da Tanz\u00e2nia. O Tribunal analisar\u00e1 as peti\u00e7\u00f5es pendentes e deliberar\u00e1 sobre outras quest\u00f5es judiciais relacionadas. O Tribunal continuar\u00e1 a [&hellip;]\" \/>\n<meta property=\"og:url\" content=\"https:\/\/www.african-court.org\/afchpr\/o-tribunal-africano-dos-direitos-do-homem-e-dos-povos-realiza-a-sua-82-asessao-ordinaria-de-31-de-agosto-a-25-de-setembro-de-2026\/?lang=pt-pt\" \/>\n<meta property=\"og:site_name\" content=\"African Court on Human and Peoples&#039; Rights\" \/>\n<meta property=\"article:publisher\" content=\"https:\/\/www.facebook.com\/afchpr\" \/>\n<meta property=\"article:published_time\" content=\"2026-08-27T08:02:28+00:00\" \/>\n<meta property=\"article:modified_time\" content=\"2026-08-28T08:28:08+00:00\" \/>\n<meta property=\"og:image\" content=\"https:\/\/www.african-court.org\/afchpr\/wp-content\/uploads\/2026\/08\/PT_82nd-scaled.png\" \/>\n\t<meta property=\"og:image:width\" content=\"2560\" \/>\n\t<meta property=\"og:image:height\" content=\"1440\" \/>\n\t<meta property=\"og:image:type\" content=\"image\/png\" \/>\n<meta name=\"author\" content=\"gorbiromaric\" \/>\n<meta name=\"twitter:card\" content=\"summary_large_image\" \/>\n<meta name=\"twitter:label1\" content=\"Written by\" \/>\n\t<meta name=\"twitter:data1\" content=\"gorbiromaric\" \/>\n\t<meta name=\"twitter:label2\" content=\"Est. reading time\" \/>\n\t<meta name=\"twitter:data2\" content=\"3 minutes\" \/>\n<script type=\"application\/ld+json\" class=\"yoast-schema-graph\">{\"@context\":\"https:\\\/\\\/schema.org\",\"@graph\":[{\"@type\":\"Article\",\"@id\":\"https:\\\/\\\/www.african-court.org\\\/afchpr\\\/o-tribunal-africano-dos-direitos-do-homem-e-dos-povos-realiza-a-sua-82-asessao-ordinaria-de-31-de-agosto-a-25-de-setembro-de-2026\\\/?lang=pt-pt#article\",\"isPartOf\":{\"@id\":\"https:\\\/\\\/www.african-court.org\\\/afchpr\\\/o-tribunal-africano-dos-direitos-do-homem-e-dos-povos-realiza-a-sua-82-asessao-ordinaria-de-31-de-agosto-a-25-de-setembro-de-2026\\\/?lang=pt-pt\"},\"author\":{\"name\":\"gorbiromaric\",\"@id\":\"https:\\\/\\\/www.african-court.org\\\/afchpr\\\/#\\\/schema\\\/person\\\/568fec949c2f77a1c6ee12ee72b4966a\"},\"headline\":\"O tribunal africano dos direitos do homem e dos povos realiza a sua 82.\u00aasess\u00e3o ordin\u00e1ria de 31 de agosto a 25 de setembro de 2026\",\"datePublished\":\"2026-08-27T08:02:28+00:00\",\"dateModified\":\"2026-08-28T08:28:08+00:00\",\"mainEntityOfPage\":{\"@id\":\"https:\\\/\\\/www.african-court.org\\\/afchpr\\\/o-tribunal-africano-dos-direitos-do-homem-e-dos-povos-realiza-a-sua-82-asessao-ordinaria-de-31-de-agosto-a-25-de-setembro-de-2026\\\/?lang=pt-pt\"},\"wordCount\":541,\"publisher\":{\"@id\":\"https:\\\/\\\/www.african-court.org\\\/afchpr\\\/#organization\"},\"image\":{\"@id\":\"https:\\\/\\\/www.african-court.org\\\/afchpr\\\/o-tribunal-africano-dos-direitos-do-homem-e-dos-povos-realiza-a-sua-82-asessao-ordinaria-de-31-de-agosto-a-25-de-setembro-de-2026\\\/?lang=pt-pt#primaryimage\"},\"thumbnailUrl\":\"https:\\\/\\\/www.african-court.org\\\/afchpr\\\/wp-content\\\/uploads\\\/2026\\\/08\\\/PT_82nd-scaled.png\",\"articleSection\":[\"Atualiza\u00e7\u00e3o de noticias\",\"Comunicado de Imprensa\",\"Not\u00edcias Breves\",\"\u00daltimas Informa\u00e7\u00f5es\"],\"inLanguage\":\"en-US\"},{\"@type\":\"WebPage\",\"@id\":\"https:\\\/\\\/www.african-court.org\\\/afchpr\\\/o-tribunal-africano-dos-direitos-do-homem-e-dos-povos-realiza-a-sua-82-asessao-ordinaria-de-31-de-agosto-a-25-de-setembro-de-2026\\\/?lang=pt-pt\",\"url\":\"https:\\\/\\\/www.african-court.org\\\/afchpr\\\/o-tribunal-africano-dos-direitos-do-homem-e-dos-povos-realiza-a-sua-82-asessao-ordinaria-de-31-de-agosto-a-25-de-setembro-de-2026\\\/?lang=pt-pt\",\"name\":\"O tribunal africano dos direitos do homem e dos povos realiza a sua 82.\u00aasess\u00e3o ordin\u00e1ria de 31 de agosto a 25 de setembro de 2026 - African Court on Human and Peoples&#039; Rights\",\"isPartOf\":{\"@id\":\"https:\\\/\\\/www.african-court.org\\\/afchpr\\\/#website\"},\"primaryImageOfPage\":{\"@id\":\"https:\\\/\\\/www.african-court.org\\\/afchpr\\\/o-tribunal-africano-dos-direitos-do-homem-e-dos-povos-realiza-a-sua-82-asessao-ordinaria-de-31-de-agosto-a-25-de-setembro-de-2026\\\/?lang=pt-pt#primaryimage\"},\"image\":{\"@id\":\"https:\\\/\\\/www.african-court.org\\\/afchpr\\\/o-tribunal-africano-dos-direitos-do-homem-e-dos-povos-realiza-a-sua-82-asessao-ordinaria-de-31-de-agosto-a-25-de-setembro-de-2026\\\/?lang=pt-pt#primaryimage\"},\"thumbnailUrl\":\"https:\\\/\\\/www.african-court.org\\\/afchpr\\\/wp-content\\\/uploads\\\/2026\\\/08\\\/PT_82nd-scaled.png\",\"datePublished\":\"2026-08-27T08:02:28+00:00\",\"dateModified\":\"2026-08-28T08:28:08+00:00\",\"breadcrumb\":{\"@id\":\"https:\\\/\\\/www.african-court.org\\\/afchpr\\\/o-tribunal-africano-dos-direitos-do-homem-e-dos-povos-realiza-a-sua-82-asessao-ordinaria-de-31-de-agosto-a-25-de-setembro-de-2026\\\/?lang=pt-pt#breadcrumb\"},\"inLanguage\":\"en-US\",\"potentialAction\":[{\"@type\":\"ReadAction\",\"target\":[\"https:\\\/\\\/www.african-court.org\\\/afchpr\\\/o-tribunal-africano-dos-direitos-do-homem-e-dos-povos-realiza-a-sua-82-asessao-ordinaria-de-31-de-agosto-a-25-de-setembro-de-2026\\\/?lang=pt-pt\"]}]},{\"@type\":\"ImageObject\",\"inLanguage\":\"en-US\",\"@id\":\"https:\\\/\\\/www.african-court.org\\\/afchpr\\\/o-tribunal-africano-dos-direitos-do-homem-e-dos-povos-realiza-a-sua-82-asessao-ordinaria-de-31-de-agosto-a-25-de-setembro-de-2026\\\/?lang=pt-pt#primaryimage\",\"url\":\"https:\\\/\\\/www.african-court.org\\\/afchpr\\\/wp-content\\\/uploads\\\/2026\\\/08\\\/PT_82nd-scaled.png\",\"contentUrl\":\"https:\\\/\\\/www.african-court.org\\\/afchpr\\\/wp-content\\\/uploads\\\/2026\\\/08\\\/PT_82nd-scaled.png\",\"width\":2560,\"height\":1440},{\"@type\":\"BreadcrumbList\",\"@id\":\"https:\\\/\\\/www.african-court.org\\\/afchpr\\\/o-tribunal-africano-dos-direitos-do-homem-e-dos-povos-realiza-a-sua-82-asessao-ordinaria-de-31-de-agosto-a-25-de-setembro-de-2026\\\/?lang=pt-pt#breadcrumb\",\"itemListElement\":[{\"@type\":\"ListItem\",\"position\":1,\"name\":\"Home\",\"item\":\"https:\\\/\\\/www.african-court.org\\\/afchpr\\\/\"},{\"@type\":\"ListItem\",\"position\":2,\"name\":\"O tribunal africano dos direitos do homem e dos povos realiza a sua 82.\u00aasess\u00e3o ordin\u00e1ria de 31 de agosto a 25 de setembro de 2026\"}]},{\"@type\":\"WebSite\",\"@id\":\"https:\\\/\\\/www.african-court.org\\\/afchpr\\\/#website\",\"url\":\"https:\\\/\\\/www.african-court.org\\\/afchpr\\\/\",\"name\":\"African Court on Human and Peoples&#039; Rights\",\"description\":\"Protecting human rights in Africa\",\"publisher\":{\"@id\":\"https:\\\/\\\/www.african-court.org\\\/afchpr\\\/#organization\"},\"potentialAction\":[{\"@type\":\"SearchAction\",\"target\":{\"@type\":\"EntryPoint\",\"urlTemplate\":\"https:\\\/\\\/www.african-court.org\\\/afchpr\\\/?s={search_term_string}\"},\"query-input\":{\"@type\":\"PropertyValueSpecification\",\"valueRequired\":true,\"valueName\":\"search_term_string\"}}],\"inLanguage\":\"en-US\"},{\"@type\":\"Organization\",\"@id\":\"https:\\\/\\\/www.african-court.org\\\/afchpr\\\/#organization\",\"name\":\"African court on human and peoples' rights\",\"url\":\"https:\\\/\\\/www.african-court.org\\\/afchpr\\\/\",\"logo\":{\"@type\":\"ImageObject\",\"inLanguage\":\"en-US\",\"@id\":\"https:\\\/\\\/www.african-court.org\\\/afchpr\\\/#\\\/schema\\\/logo\\\/image\\\/\",\"url\":\"https:\\\/\\\/www.african-court.org\\\/wpafc\\\/wp-content\\\/uploads\\\/2020\\\/04\\\/African-Court-logo.png\",\"contentUrl\":\"https:\\\/\\\/www.african-court.org\\\/wpafc\\\/wp-content\\\/uploads\\\/2020\\\/04\\\/African-Court-logo.png\",\"width\":835,\"height\":835,\"caption\":\"African court on human and peoples' rights\"},\"image\":{\"@id\":\"https:\\\/\\\/www.african-court.org\\\/afchpr\\\/#\\\/schema\\\/logo\\\/image\\\/\"},\"sameAs\":[\"https:\\\/\\\/www.facebook.com\\\/afchpr\",\"https:\\\/\\\/www.youtube.com\\\/user\\\/africancourt\"]},{\"@type\":\"Person\",\"@id\":\"https:\\\/\\\/www.african-court.org\\\/afchpr\\\/#\\\/schema\\\/person\\\/568fec949c2f77a1c6ee12ee72b4966a\",\"name\":\"gorbiromaric\",\"image\":{\"@type\":\"ImageObject\",\"inLanguage\":\"en-US\",\"@id\":\"https:\\\/\\\/secure.gravatar.com\\\/avatar\\\/a04945442a7b840a49295088837c02edf1b7bc9f902b08ad2e55d650ffa7deb5?s=96&d=mm&r=g\",\"url\":\"https:\\\/\\\/secure.gravatar.com\\\/avatar\\\/a04945442a7b840a49295088837c02edf1b7bc9f902b08ad2e55d650ffa7deb5?s=96&d=mm&r=g\",\"contentUrl\":\"https:\\\/\\\/secure.gravatar.com\\\/avatar\\\/a04945442a7b840a49295088837c02edf1b7bc9f902b08ad2e55d650ffa7deb5?s=96&d=mm&r=g\",\"caption\":\"gorbiromaric\"},\"url\":\"https:\\\/\\\/www.african-court.org\\\/afchpr\\\/author\\\/gorbiromaric\\\/\"}]}<\/script>\n<!-- \/ Yoast SEO plugin. -->","yoast_head_json":{"title":"O tribunal africano dos direitos do homem e dos povos realiza a sua 82.\u00aasess\u00e3o ordin\u00e1ria de 31 de agosto a 25 de setembro de 2026 - African Court on Human and Peoples&#039; Rights","robots":{"index":"index","follow":"follow","max-snippet":"max-snippet:-1","max-image-preview":"max-image-preview:large","max-video-preview":"max-video-preview:-1"},"canonical":"https:\/\/www.african-court.org\/afchpr\/o-tribunal-africano-dos-direitos-do-homem-e-dos-povos-realiza-a-sua-82-asessao-ordinaria-de-31-de-agosto-a-25-de-setembro-de-2026\/","og_locale":"en_US","og_type":"article","og_title":"O tribunal africano dos direitos do homem e dos povos realiza a sua 82.\u00aasess\u00e3o ordin\u00e1ria de 31 de agosto a 25 de setembro de 2026 - African Court on Human and Peoples&#039; Rights","og_description":"Arusha, 24 de Agosto de 2026: O Tribunal Africano dos Direitos do Homem e dos Povos (TADHP) realizar\u00e1 a sua 82.\u00aaSess\u00e3o Ordin\u00e1ria de 31 de Agosto a 25 de Setembro de 2026 em Arusha, Rep\u00fablica Unida da Tanz\u00e2nia. O Tribunal analisar\u00e1 as peti\u00e7\u00f5es pendentes e deliberar\u00e1 sobre outras quest\u00f5es judiciais relacionadas. O Tribunal continuar\u00e1 a [&hellip;]","og_url":"https:\/\/www.african-court.org\/afchpr\/o-tribunal-africano-dos-direitos-do-homem-e-dos-povos-realiza-a-sua-82-asessao-ordinaria-de-31-de-agosto-a-25-de-setembro-de-2026\/?lang=pt-pt","og_site_name":"African Court on Human and Peoples&#039; Rights","article_publisher":"https:\/\/www.facebook.com\/afchpr","article_published_time":"2026-08-27T08:02:28+00:00","article_modified_time":"2026-08-28T08:28:08+00:00","og_image":[{"width":2560,"height":1440,"url":"https:\/\/www.african-court.org\/afchpr\/wp-content\/uploads\/2026\/08\/PT_82nd-scaled.png","type":"image\/png"}],"author":"gorbiromaric","twitter_card":"summary_large_image","twitter_misc":{"Written by":"gorbiromaric","Est. reading time":"3 minutes"},"schema":{"@context":"https:\/\/schema.org","@graph":[{"@type":"Article","@id":"https:\/\/www.african-court.org\/afchpr\/o-tribunal-africano-dos-direitos-do-homem-e-dos-povos-realiza-a-sua-82-asessao-ordinaria-de-31-de-agosto-a-25-de-setembro-de-2026\/?lang=pt-pt#article","isPartOf":{"@id":"https:\/\/www.african-court.org\/afchpr\/o-tribunal-africano-dos-direitos-do-homem-e-dos-povos-realiza-a-sua-82-asessao-ordinaria-de-31-de-agosto-a-25-de-setembro-de-2026\/?lang=pt-pt"},"author":{"name":"gorbiromaric","@id":"https:\/\/www.african-court.org\/afchpr\/#\/schema\/person\/568fec949c2f77a1c6ee12ee72b4966a"},"headline":"O tribunal africano dos direitos do homem e dos povos realiza a sua 82.\u00aasess\u00e3o ordin\u00e1ria de 31 de agosto a 25 de setembro de 2026","datePublished":"2026-08-27T08:02:28+00:00","dateModified":"2026-08-28T08:28:08+00:00","mainEntityOfPage":{"@id":"https:\/\/www.african-court.org\/afchpr\/o-tribunal-africano-dos-direitos-do-homem-e-dos-povos-realiza-a-sua-82-asessao-ordinaria-de-31-de-agosto-a-25-de-setembro-de-2026\/?lang=pt-pt"},"wordCount":541,"publisher":{"@id":"https:\/\/www.african-court.org\/afchpr\/#organization"},"image":{"@id":"https:\/\/www.african-court.org\/afchpr\/o-tribunal-africano-dos-direitos-do-homem-e-dos-povos-realiza-a-sua-82-asessao-ordinaria-de-31-de-agosto-a-25-de-setembro-de-2026\/?lang=pt-pt#primaryimage"},"thumbnailUrl":"https:\/\/www.african-court.org\/afchpr\/wp-content\/uploads\/2026\/08\/PT_82nd-scaled.png","articleSection":["Atualiza\u00e7\u00e3o de noticias","Comunicado de Imprensa","Not\u00edcias Breves","\u00daltimas Informa\u00e7\u00f5es"],"inLanguage":"en-US"},{"@type":"WebPage","@id":"https:\/\/www.african-court.org\/afchpr\/o-tribunal-africano-dos-direitos-do-homem-e-dos-povos-realiza-a-sua-82-asessao-ordinaria-de-31-de-agosto-a-25-de-setembro-de-2026\/?lang=pt-pt","url":"https:\/\/www.african-court.org\/afchpr\/o-tribunal-africano-dos-direitos-do-homem-e-dos-povos-realiza-a-sua-82-asessao-ordinaria-de-31-de-agosto-a-25-de-setembro-de-2026\/?lang=pt-pt","name":"O tribunal africano dos direitos do homem e dos povos realiza a sua 82.\u00aasess\u00e3o ordin\u00e1ria de 31 de agosto a 25 de setembro de 2026 - African Court on Human and Peoples&#039; Rights","isPartOf":{"@id":"https:\/\/www.african-court.org\/afchpr\/#website"},"primaryImageOfPage":{"@id":"https:\/\/www.african-court.org\/afchpr\/o-tribunal-africano-dos-direitos-do-homem-e-dos-povos-realiza-a-sua-82-asessao-ordinaria-de-31-de-agosto-a-25-de-setembro-de-2026\/?lang=pt-pt#primaryimage"},"image":{"@id":"https:\/\/www.african-court.org\/afchpr\/o-tribunal-africano-dos-direitos-do-homem-e-dos-povos-realiza-a-sua-82-asessao-ordinaria-de-31-de-agosto-a-25-de-setembro-de-2026\/?lang=pt-pt#primaryimage"},"thumbnailUrl":"https:\/\/www.african-court.org\/afchpr\/wp-content\/uploads\/2026\/08\/PT_82nd-scaled.png","datePublished":"2026-08-27T08:02:28+00:00","dateModified":"2026-08-28T08:28:08+00:00","breadcrumb":{"@id":"https:\/\/www.african-court.org\/afchpr\/o-tribunal-africano-dos-direitos-do-homem-e-dos-povos-realiza-a-sua-82-asessao-ordinaria-de-31-de-agosto-a-25-de-setembro-de-2026\/?lang=pt-pt#breadcrumb"},"inLanguage":"en-US","potentialAction":[{"@type":"ReadAction","target":["https:\/\/www.african-court.org\/afchpr\/o-tribunal-africano-dos-direitos-do-homem-e-dos-povos-realiza-a-sua-82-asessao-ordinaria-de-31-de-agosto-a-25-de-setembro-de-2026\/?lang=pt-pt"]}]},{"@type":"ImageObject","inLanguage":"en-US","@id":"https:\/\/www.african-court.org\/afchpr\/o-tribunal-africano-dos-direitos-do-homem-e-dos-povos-realiza-a-sua-82-asessao-ordinaria-de-31-de-agosto-a-25-de-setembro-de-2026\/?lang=pt-pt#primaryimage","url":"https:\/\/www.african-court.org\/afchpr\/wp-content\/uploads\/2026\/08\/PT_82nd-scaled.png","contentUrl":"https:\/\/www.african-court.org\/afchpr\/wp-content\/uploads\/2026\/08\/PT_82nd-scaled.png","width":2560,"height":1440},{"@type":"BreadcrumbList","@id":"https:\/\/www.african-court.org\/afchpr\/o-tribunal-africano-dos-direitos-do-homem-e-dos-povos-realiza-a-sua-82-asessao-ordinaria-de-31-de-agosto-a-25-de-setembro-de-2026\/?lang=pt-pt#breadcrumb","itemListElement":[{"@type":"ListItem","position":1,"name":"Home","item":"https:\/\/www.african-court.org\/afchpr\/"},{"@type":"ListItem","position":2,"name":"O tribunal africano dos direitos do homem e dos povos realiza a sua 82.\u00aasess\u00e3o ordin\u00e1ria de 31 de agosto a 25 de setembro de 2026"}]},{"@type":"WebSite","@id":"https:\/\/www.african-court.org\/afchpr\/#website","url":"https:\/\/www.african-court.org\/afchpr\/","name":"African Court on Human and Peoples&#039; Rights","description":"Protecting human rights in Africa","publisher":{"@id":"https:\/\/www.african-court.org\/afchpr\/#organization"},"potentialAction":[{"@type":"SearchAction","target":{"@type":"EntryPoint","urlTemplate":"https:\/\/www.african-court.org\/afchpr\/?s={search_term_string}"},"query-input":{"@type":"PropertyValueSpecification","valueRequired":true,"valueName":"search_term_string"}}],"inLanguage":"en-US"},{"@type":"Organization","@id":"https:\/\/www.african-court.org\/afchpr\/#organization","name":"African court on human and peoples' rights","url":"https:\/\/www.african-court.org\/afchpr\/","logo":{"@type":"ImageObject","inLanguage":"en-US","@id":"https:\/\/www.african-court.org\/afchpr\/#\/schema\/logo\/image\/","url":"https:\/\/www.african-court.org\/wpafc\/wp-content\/uploads\/2020\/04\/African-Court-logo.png","contentUrl":"https:\/\/www.african-court.org\/wpafc\/wp-content\/uploads\/2020\/04\/African-Court-logo.png","width":835,"height":835,"caption":"African court on human and peoples' rights"},"image":{"@id":"https:\/\/www.african-court.org\/afchpr\/#\/schema\/logo\/image\/"},"sameAs":["https:\/\/www.facebook.com\/afchpr","https:\/\/www.youtube.com\/user\/africancourt"]},{"@type":"Person","@id":"https:\/\/www.african-court.org\/afchpr\/#\/schema\/person\/568fec949c2f77a1c6ee12ee72b4966a","name":"gorbiromaric","image":{"@type":"ImageObject","inLanguage":"en-US","@id":"https:\/\/secure.gravatar.com\/avatar\/a04945442a7b840a49295088837c02edf1b7bc9f902b08ad2e55d650ffa7deb5?s=96&d=mm&r=g","url":"https:\/\/secure.gravatar.com\/avatar\/a04945442a7b840a49295088837c02edf1b7bc9f902b08ad2e55d650ffa7deb5?s=96&d=mm&r=g","contentUrl":"https:\/\/secure.gravatar.com\/avatar\/a04945442a7b840a49295088837c02edf1b7bc9f902b08ad2e55d650ffa7deb5?s=96&d=mm&r=g","caption":"gorbiromaric"},"url":"https:\/\/www.african-court.org\/afchpr\/author\/gorbiromaric\/"}]}},"publishpress_future_action":{"enabled":false,"date":"2026-09-07 08:34:23","action":"change-status","newStatus":"draft","terms":[],"taxonomy":"category","extraData":[]},"publishpress_future_workflow_manual_trigger":{"enabledWorkflows":[]},"post_mailing_queue_ids":[],"_links":{"self":[{"href":"https:\/\/www.african-court.org\/afchpr\/wp-json\/wp\/v2\/posts\/24495","targetHints":{"allow":["GET"]}}],"collection":[{"href":"https:\/\/www.african-court.org\/afchpr\/wp-json\/wp\/v2\/posts"}],"about":[{"href":"https:\/\/www.african-court.org\/afchpr\/wp-json\/wp\/v2\/types\/post"}],"author":[{"embeddable":true,"href":"https:\/\/www.african-court.org\/afchpr\/wp-json\/wp\/v2\/users\/1"}],"replies":[{"embeddable":true,"href":"https:\/\/www.african-court.org\/afchpr\/wp-json\/wp\/v2\/comments?post=24495"}],"version-history":[{"count":1,"href":"https:\/\/www.african-court.org\/afchpr\/wp-json\/wp\/v2\/posts\/24495\/revisions"}],"predecessor-version":[{"id":24496,"href":"https:\/\/www.african-court.org\/afchpr\/wp-json\/wp\/v2\/posts\/24495\/revisions\/24496"}],"wp:featuredmedia":[{"embeddable":true,"href":"https:\/\/www.african-court.org\/afchpr\/wp-json\/wp\/v2\/media\/24497"}],"wp:attachment":[{"href":"https:\/\/www.african-court.org\/afchpr\/wp-json\/wp\/v2\/media?parent=24495"}],"wp:term":[{"taxonomy":"category","embeddable":true,"href":"https:\/\/www.african-court.org\/afchpr\/wp-json\/wp\/v2\/categories?post=24495"},{"taxonomy":"post_tag","embeddable":true,"href":"https:\/\/www.african-court.org\/afchpr\/wp-json\/wp\/v2\/tags?post=24495"}],"curies":[{"name":"wp","href":"https:\/\/api.w.org\/{rel}","templated":true}]}}