{"id":15003,"date":"2023-08-08T19:28:38","date_gmt":"2023-08-08T16:28:38","guid":{"rendered":"https:\/\/www.african-court.org\/afchpr\/?p=15003"},"modified":"2023-08-08T20:06:50","modified_gmt":"2023-08-08T17:06:50","slug":"african-court-undertakes-three-day-sensitisation-visit-to-the-republic-of-mozambique","status":"publish","type":"post","link":"https:\/\/www.african-court.org\/afchpr\/african-court-undertakes-three-day-sensitisation-visit-to-the-republic-of-mozambique\/","title":{"rendered":"AFRICAN COURT UNDERTAKES THREE-DAY SENSITISATION VISIT TO THE REPUBLIC OF MOZAMBIQUE"},"content":{"rendered":"\n<p>Arusha, 8 August 2023: The African Court on Human and Peoples&#8217; Rights will undertake a three-day sensitisation visit to the Republic of Mozambique from 9 to 11 August 2023.<\/p>\n\n\n\n<p>Led by the Court&#8217;s President, Honourable Lady Justice Imani Daud Aboud, the mission includes Honourable Lady Justice Tujilane R. Chizumila, and the Deputy Registrar Grace Wakio Kakai, along with other key Registry staff.<\/p>\n\n\n\n<p>The objective of the Court&#8217;s visit, according to Honourable Lady Justice Aboud, is to, among others, encourage the Republic of Mozambique to deposit the Declaration that allows individuals and Non-Governmental Organisations to access the Court directly.<\/p>\n\n\n\n<p>She emphasised that the Court&#8217;s success as a continental mechanism for human rights protection, established by the African Union Member States themselves, depends on wider acceptance and recognition of its work by African countries.<\/p>\n\n\n\n<p>Honourable Lady Justice Aboud stressed that, &#8220;This universal acceptance and recognition will provide the Court with the legitimacy it needs to effectively fulfill its mandate.&#8221;<\/p>\n\n\n\n<p>During the mission, the Court delegation is scheduled to pay courtesy calls on various dignitaries, including Her Excellency the President of the Assembly of the Republic, Esperan\u00e7a Laurinda Francisco Nhiuane Bias; The Vice President of the Supreme Court, Honourable Justice Jo\u00e3o Ant\u00f3nio Beir\u00e3o; His Excellency The Ombudsman, Honorable Isac Chande; Her Excellency Minister of Foreign Affairs and Cooperation, Ver\u00f3nica Nataniel Macamo Ndlovo; and Her Excellency Minister of Justice, Constitutional and Religious Affairs, Helena Mateus Kida, His Excellency Vice-Attorney General, Alberto Paulo; His Excellency the President of the Bar Association of Mozambique, Carlos Martins.<\/p>\n\n\n\n<p>This sensitisation visit to the Republic of Mozambique marks a significant step, as the Court had previously undertaken a similar visit twelve years ago, from 25 to 26 August 2011. Furthermore, following the First Retreat of Legal Officers of the African Commission on Human and Peoples\u2019 Rights, the African Committee of Experts on the Rights and Welfare of the Child and the African Court on Human and Peoples\u2019 Rights that was held in Maputo in January 2022, the Court undertook to collaborate with the Republic of Mozambique to organise a sensitisation visit .<\/p>\n\n\n\n<p>The Republic of Mozambique deposited the instrument of the ratification of the African Charter on Human and Peoples\u2019 Rights on 7 March 1990 and became a State Party to the Protocol to the African Charter on Human and Peoples&#8217; Rights on the Establishment of an African Court on Human and Peoples&#8217; Rights on 27 July 2004 but is yet to deposit the Declaration under Article 34(6) of this Protocol, allowing individuals and Non-Governmental Organisations direct access to the Court.<\/p>\n\n\n\n<p>NOTES FOR EDITORS<\/p>\n\n\n\n<p>The African Court on Human and Peoples&#8217; Rights was established by virtue of Article 1 of the Protocol to the African Charter on Human and Peoples&#8217; Rights on the Establishment of an African Court on Human and Peoples&#8217; Rights. Its complements the protective mandate of the African Commission on Human and Peoples&#8217; Rights to enhance human rights protection on the continent.<\/p>\n\n\n\n<p>The primary objective of these sensitisation visits is to enhance the protection of human rights in Africa. Specific objectives include raising awareness about the Court, encouraging ratification of the Protocol and deposit of the Declaration to grant individuals and NGOs direct access to the Court, educating potential applicants on accessing the Court and its procedures, promoting public utilisation of the Court for settling human rights disputes, and encouraging the Court&#8217;s utilisation for advisory opinions.<\/p>\n\n\n\n<p>The Court is composed of 11 Judges who are nationals of Member States of the African Union, elected in their individual capacity.<\/p>\n\n\n\n<p>The Court convenes four Ordinary Sessions per year and may also hold Extraordinary Sessions.<\/p>\n\n\n\n<p>For further information on the Court, please visit the Court&#8217;s website at<br>www.african-court.org.<\/p>\n\n\n\n<p>For additional comments, contact:<br>Dr. Robert Eno, Registrar<br>Tel: +255272970430\/31\/32<br>Email: Robert.Eno@african-court.org<\/p>\n\n\n\n<p>For media inquiries, contact:<br>AfricanCourtMedia@african-court.org<\/p>\n","protected":false},"excerpt":{"rendered":"<p>Arusha, 8 August 2023: The African Court on Human and Peoples&#8217; Rights will undertake a three-day sensitisation visit to the Republic of Mozambique from 9 to 11 August 2023. Led by the Court&#8217;s President, Honourable Lady Justice Imani Daud Aboud, the mission includes Honourable Lady Justice Tujilane R. Chizumila, and the Deputy Registrar Grace Wakio [&hellip;]<\/p>\n","protected":false},"author":9,"featured_media":15007,"comment_status":"closed","ping_status":"closed","sticky":false,"template":"","format":"standard","meta":{"jnews-multi-image_gallery":[],"jnews_single_post":[],"jnews_primary_category":[],"jnews_social_meta":[],"jnews_override_counter":[],"jnews_post_split":[],"footnotes":""},"categories":[206,12],"tags":[],"class_list":["post-15003","post","type-post","status-publish","format-standard","has-post-thumbnail","hentry","category-current-press-release","category-press-releases"],"yoast_head":"<!-- This site is optimized with the Yoast SEO plugin v27.4 - https:\/\/yoast.com\/product\/yoast-seo-wordpress\/ -->\n<title>AFRICAN COURT UNDERTAKES THREE-DAY SENSITISATION VISIT TO THE REPUBLIC OF MOZAMBIQUE - African Court on Human and Peoples&#039; Rights<\/title>\n<meta name=\"robots\" content=\"index, follow, max-snippet:-1, max-image-preview:large, max-video-preview:-1\" \/>\n<link rel=\"canonical\" href=\"https:\/\/www.african-court.org\/afchpr\/african-court-undertakes-three-day-sensitisation-visit-to-the-republic-of-mozambique\/\" \/>\n<meta property=\"og:locale\" content=\"en_US\" \/>\n<meta property=\"og:type\" content=\"article\" \/>\n<meta property=\"og:title\" content=\"AFRICAN COURT UNDERTAKES THREE-DAY SENSITISATION VISIT TO THE REPUBLIC OF MOZAMBIQUE - African Court on Human and Peoples&#039; Rights\" \/>\n<meta property=\"og:description\" content=\"Arusha, 8 August 2023: The African Court on Human and Peoples&#8217; Rights will undertake a three-day sensitisation visit to the Republic of Mozambique from 9 to 11 August 2023. Led by the Court&#8217;s President, Honourable Lady Justice Imani Daud Aboud, the mission includes Honourable Lady Justice Tujilane R. Chizumila, and the Deputy Registrar Grace Wakio [&hellip;]\" \/>\n<meta property=\"og:url\" content=\"https:\/\/www.african-court.org\/afchpr\/african-court-undertakes-three-day-sensitisation-visit-to-the-republic-of-mozambique\/\" \/>\n<meta property=\"og:site_name\" content=\"African Court on Human and Peoples&#039; Rights\" \/>\n<meta property=\"article:publisher\" content=\"https:\/\/www.facebook.com\/afchpr\" \/>\n<meta property=\"article:published_time\" content=\"2023-08-08T16:28:38+00:00\" \/>\n<meta property=\"article:modified_time\" content=\"2023-08-08T17:06:50+00:00\" \/>\n<meta property=\"og:image\" content=\"https:\/\/www.african-court.org\/afchpr\/wp-content\/uploads\/2023\/08\/MZ_AFCHPR.jpg\" \/>\n\t<meta property=\"og:image:width\" content=\"898\" \/>\n\t<meta property=\"og:image:height\" content=\"370\" \/>\n\t<meta property=\"og:image:type\" content=\"image\/jpeg\" \/>\n<meta name=\"author\" content=\"Julius Kamya\" \/>\n<meta name=\"twitter:card\" content=\"summary_large_image\" \/>\n<meta name=\"twitter:label1\" content=\"Written by\" \/>\n\t<meta name=\"twitter:data1\" content=\"Julius Kamya\" \/>\n\t<meta name=\"twitter:label2\" content=\"Est. reading time\" \/>\n\t<meta name=\"twitter:data2\" content=\"3 minutes\" \/>\n<script type=\"application\/ld+json\" class=\"yoast-schema-graph\">{\"@context\":\"https:\\\/\\\/schema.org\",\"@graph\":[{\"@type\":\"Article\",\"@id\":\"https:\\\/\\\/www.african-court.org\\\/afchpr\\\/african-court-undertakes-three-day-sensitisation-visit-to-the-republic-of-mozambique\\\/#article\",\"isPartOf\":{\"@id\":\"https:\\\/\\\/www.african-court.org\\\/afchpr\\\/african-court-undertakes-three-day-sensitisation-visit-to-the-republic-of-mozambique\\\/\"},\"author\":{\"name\":\"Julius Kamya\",\"@id\":\"https:\\\/\\\/www.african-court.org\\\/afchpr\\\/#\\\/schema\\\/person\\\/ae8de787fabf01a192c9cced8c026cb7\"},\"headline\":\"AFRICAN COURT UNDERTAKES THREE-DAY SENSITISATION VISIT TO THE REPUBLIC OF MOZAMBIQUE\",\"datePublished\":\"2023-08-08T16:28:38+00:00\",\"dateModified\":\"2023-08-08T17:06:50+00:00\",\"mainEntityOfPage\":{\"@id\":\"https:\\\/\\\/www.african-court.org\\\/afchpr\\\/african-court-undertakes-three-day-sensitisation-visit-to-the-republic-of-mozambique\\\/\"},\"wordCount\":634,\"publisher\":{\"@id\":\"https:\\\/\\\/www.african-court.org\\\/afchpr\\\/#organization\"},\"image\":{\"@id\":\"https:\\\/\\\/www.african-court.org\\\/afchpr\\\/african-court-undertakes-three-day-sensitisation-visit-to-the-republic-of-mozambique\\\/#primaryimage\"},\"thumbnailUrl\":\"https:\\\/\\\/www.african-court.org\\\/afchpr\\\/wp-content\\\/uploads\\\/2023\\\/08\\\/MZ_AFCHPR.jpg\",\"articleSection\":[\"Current press release\",\"Press Releases\"],\"inLanguage\":\"en-US\"},{\"@type\":\"WebPage\",\"@id\":\"https:\\\/\\\/www.african-court.org\\\/afchpr\\\/african-court-undertakes-three-day-sensitisation-visit-to-the-republic-of-mozambique\\\/\",\"url\":\"https:\\\/\\\/www.african-court.org\\\/afchpr\\\/african-court-undertakes-three-day-sensitisation-visit-to-the-republic-of-mozambique\\\/\",\"name\":\"AFRICAN COURT UNDERTAKES THREE-DAY SENSITISATION VISIT TO THE REPUBLIC OF MOZAMBIQUE - African Court on Human and Peoples&#039; Rights\",\"isPartOf\":{\"@id\":\"https:\\\/\\\/www.african-court.org\\\/afchpr\\\/#website\"},\"primaryImageOfPage\":{\"@id\":\"https:\\\/\\\/www.african-court.org\\\/afchpr\\\/african-court-undertakes-three-day-sensitisation-visit-to-the-republic-of-mozambique\\\/#primaryimage\"},\"image\":{\"@id\":\"https:\\\/\\\/www.african-court.org\\\/afchpr\\\/african-court-undertakes-three-day-sensitisation-visit-to-the-republic-of-mozambique\\\/#primaryimage\"},\"thumbnailUrl\":\"https:\\\/\\\/www.african-court.org\\\/afchpr\\\/wp-content\\\/uploads\\\/2023\\\/08\\\/MZ_AFCHPR.jpg\",\"datePublished\":\"2023-08-08T16:28:38+00:00\",\"dateModified\":\"2023-08-08T17:06:50+00:00\",\"breadcrumb\":{\"@id\":\"https:\\\/\\\/www.african-court.org\\\/afchpr\\\/african-court-undertakes-three-day-sensitisation-visit-to-the-republic-of-mozambique\\\/#breadcrumb\"},\"inLanguage\":\"en-US\",\"potentialAction\":[{\"@type\":\"ReadAction\",\"target\":[\"https:\\\/\\\/www.african-court.org\\\/afchpr\\\/african-court-undertakes-three-day-sensitisation-visit-to-the-republic-of-mozambique\\\/\"]}]},{\"@type\":\"ImageObject\",\"inLanguage\":\"en-US\",\"@id\":\"https:\\\/\\\/www.african-court.org\\\/afchpr\\\/african-court-undertakes-three-day-sensitisation-visit-to-the-republic-of-mozambique\\\/#primaryimage\",\"url\":\"https:\\\/\\\/www.african-court.org\\\/afchpr\\\/wp-content\\\/uploads\\\/2023\\\/08\\\/MZ_AFCHPR.jpg\",\"contentUrl\":\"https:\\\/\\\/www.african-court.org\\\/afchpr\\\/wp-content\\\/uploads\\\/2023\\\/08\\\/MZ_AFCHPR.jpg\",\"width\":898,\"height\":370},{\"@type\":\"BreadcrumbList\",\"@id\":\"https:\\\/\\\/www.african-court.org\\\/afchpr\\\/african-court-undertakes-three-day-sensitisation-visit-to-the-republic-of-mozambique\\\/#breadcrumb\",\"itemListElement\":[{\"@type\":\"ListItem\",\"position\":1,\"name\":\"Home\",\"item\":\"https:\\\/\\\/www.african-court.org\\\/afchpr\\\/\"},{\"@type\":\"ListItem\",\"position\":2,\"name\":\"AFRICAN COURT UNDERTAKES THREE-DAY SENSITISATION VISIT TO THE REPUBLIC OF MOZAMBIQUE\"}]},{\"@type\":\"WebSite\",\"@id\":\"https:\\\/\\\/www.african-court.org\\\/afchpr\\\/#website\",\"url\":\"https:\\\/\\\/www.african-court.org\\\/afchpr\\\/\",\"name\":\"African Court on Human and Peoples&#039; Rights\",\"description\":\"Protecting human rights in Africa\",\"publisher\":{\"@id\":\"https:\\\/\\\/www.african-court.org\\\/afchpr\\\/#organization\"},\"potentialAction\":[{\"@type\":\"SearchAction\",\"target\":{\"@type\":\"EntryPoint\",\"urlTemplate\":\"https:\\\/\\\/www.african-court.org\\\/afchpr\\\/?s={search_term_string}\"},\"query-input\":{\"@type\":\"PropertyValueSpecification\",\"valueRequired\":true,\"valueName\":\"search_term_string\"}}],\"inLanguage\":\"en-US\"},{\"@type\":\"Organization\",\"@id\":\"https:\\\/\\\/www.african-court.org\\\/afchpr\\\/#organization\",\"name\":\"African court on human and peoples' rights\",\"url\":\"https:\\\/\\\/www.african-court.org\\\/afchpr\\\/\",\"logo\":{\"@type\":\"ImageObject\",\"inLanguage\":\"en-US\",\"@id\":\"https:\\\/\\\/www.african-court.org\\\/afchpr\\\/#\\\/schema\\\/logo\\\/image\\\/\",\"url\":\"https:\\\/\\\/www.african-court.org\\\/wpafc\\\/wp-content\\\/uploads\\\/2020\\\/04\\\/African-Court-logo.png\",\"contentUrl\":\"https:\\\/\\\/www.african-court.org\\\/wpafc\\\/wp-content\\\/uploads\\\/2020\\\/04\\\/African-Court-logo.png\",\"width\":835,\"height\":835,\"caption\":\"African court on human and peoples' rights\"},\"image\":{\"@id\":\"https:\\\/\\\/www.african-court.org\\\/afchpr\\\/#\\\/schema\\\/logo\\\/image\\\/\"},\"sameAs\":[\"https:\\\/\\\/www.facebook.com\\\/afchpr\",\"https:\\\/\\\/www.youtube.com\\\/user\\\/africancourt\"]},{\"@type\":\"Person\",\"@id\":\"https:\\\/\\\/www.african-court.org\\\/afchpr\\\/#\\\/schema\\\/person\\\/ae8de787fabf01a192c9cced8c026cb7\",\"name\":\"Julius Kamya\",\"image\":{\"@type\":\"ImageObject\",\"inLanguage\":\"en-US\",\"@id\":\"https:\\\/\\\/secure.gravatar.com\\\/avatar\\\/fe76a270e023267812fe0d5e157fd7d189299bf9e004b40f7787cfee2fd33a7b?s=96&d=mm&r=g\",\"url\":\"https:\\\/\\\/secure.gravatar.com\\\/avatar\\\/fe76a270e023267812fe0d5e157fd7d189299bf9e004b40f7787cfee2fd33a7b?s=96&d=mm&r=g\",\"contentUrl\":\"https:\\\/\\\/secure.gravatar.com\\\/avatar\\\/fe76a270e023267812fe0d5e157fd7d189299bf9e004b40f7787cfee2fd33a7b?s=96&d=mm&r=g\",\"caption\":\"Julius Kamya\"},\"url\":\"https:\\\/\\\/www.african-court.org\\\/afchpr\\\/author\\\/julius-kamya\\\/\"}]}<\/script>\n<!-- \/ Yoast SEO plugin. -->","yoast_head_json":{"title":"AFRICAN COURT UNDERTAKES THREE-DAY SENSITISATION VISIT TO THE REPUBLIC OF MOZAMBIQUE - African Court on Human and Peoples&#039; Rights","robots":{"index":"index","follow":"follow","max-snippet":"max-snippet:-1","max-image-preview":"max-image-preview:large","max-video-preview":"max-video-preview:-1"},"canonical":"https:\/\/www.african-court.org\/afchpr\/african-court-undertakes-three-day-sensitisation-visit-to-the-republic-of-mozambique\/","og_locale":"en_US","og_type":"article","og_title":"AFRICAN COURT UNDERTAKES THREE-DAY SENSITISATION VISIT TO THE REPUBLIC OF MOZAMBIQUE - African Court on Human and Peoples&#039; Rights","og_description":"Arusha, 8 August 2023: The African Court on Human and Peoples&#8217; Rights will undertake a three-day sensitisation visit to the Republic of Mozambique from 9 to 11 August 2023. Led by the Court&#8217;s President, Honourable Lady Justice Imani Daud Aboud, the mission includes Honourable Lady Justice Tujilane R. Chizumila, and the Deputy Registrar Grace Wakio [&hellip;]","og_url":"https:\/\/www.african-court.org\/afchpr\/african-court-undertakes-three-day-sensitisation-visit-to-the-republic-of-mozambique\/","og_site_name":"African Court on Human and Peoples&#039; Rights","article_publisher":"https:\/\/www.facebook.com\/afchpr","article_published_time":"2023-08-08T16:28:38+00:00","article_modified_time":"2023-08-08T17:06:50+00:00","og_image":[{"width":898,"height":370,"url":"https:\/\/www.african-court.org\/afchpr\/wp-content\/uploads\/2023\/08\/MZ_AFCHPR.jpg","type":"image\/jpeg"}],"author":"Julius Kamya","twitter_card":"summary_large_image","twitter_misc":{"Written by":"Julius Kamya","Est. reading time":"3 minutes"},"schema":{"@context":"https:\/\/schema.org","@graph":[{"@type":"Article","@id":"https:\/\/www.african-court.org\/afchpr\/african-court-undertakes-three-day-sensitisation-visit-to-the-republic-of-mozambique\/#article","isPartOf":{"@id":"https:\/\/www.african-court.org\/afchpr\/african-court-undertakes-three-day-sensitisation-visit-to-the-republic-of-mozambique\/"},"author":{"name":"Julius Kamya","@id":"https:\/\/www.african-court.org\/afchpr\/#\/schema\/person\/ae8de787fabf01a192c9cced8c026cb7"},"headline":"AFRICAN COURT UNDERTAKES THREE-DAY SENSITISATION VISIT TO THE REPUBLIC OF MOZAMBIQUE","datePublished":"2023-08-08T16:28:38+00:00","dateModified":"2023-08-08T17:06:50+00:00","mainEntityOfPage":{"@id":"https:\/\/www.african-court.org\/afchpr\/african-court-undertakes-three-day-sensitisation-visit-to-the-republic-of-mozambique\/"},"wordCount":634,"publisher":{"@id":"https:\/\/www.african-court.org\/afchpr\/#organization"},"image":{"@id":"https:\/\/www.african-court.org\/afchpr\/african-court-undertakes-three-day-sensitisation-visit-to-the-republic-of-mozambique\/#primaryimage"},"thumbnailUrl":"https:\/\/www.african-court.org\/afchpr\/wp-content\/uploads\/2023\/08\/MZ_AFCHPR.jpg","articleSection":["Current press release","Press Releases"],"inLanguage":"en-US"},{"@type":"WebPage","@id":"https:\/\/www.african-court.org\/afchpr\/african-court-undertakes-three-day-sensitisation-visit-to-the-republic-of-mozambique\/","url":"https:\/\/www.african-court.org\/afchpr\/african-court-undertakes-three-day-sensitisation-visit-to-the-republic-of-mozambique\/","name":"AFRICAN COURT UNDERTAKES THREE-DAY SENSITISATION VISIT TO THE REPUBLIC OF MOZAMBIQUE - African Court on Human and Peoples&#039; Rights","isPartOf":{"@id":"https:\/\/www.african-court.org\/afchpr\/#website"},"primaryImageOfPage":{"@id":"https:\/\/www.african-court.org\/afchpr\/african-court-undertakes-three-day-sensitisation-visit-to-the-republic-of-mozambique\/#primaryimage"},"image":{"@id":"https:\/\/www.african-court.org\/afchpr\/african-court-undertakes-three-day-sensitisation-visit-to-the-republic-of-mozambique\/#primaryimage"},"thumbnailUrl":"https:\/\/www.african-court.org\/afchpr\/wp-content\/uploads\/2023\/08\/MZ_AFCHPR.jpg","datePublished":"2023-08-08T16:28:38+00:00","dateModified":"2023-08-08T17:06:50+00:00","breadcrumb":{"@id":"https:\/\/www.african-court.org\/afchpr\/african-court-undertakes-three-day-sensitisation-visit-to-the-republic-of-mozambique\/#breadcrumb"},"inLanguage":"en-US","potentialAction":[{"@type":"ReadAction","target":["https:\/\/www.african-court.org\/afchpr\/african-court-undertakes-three-day-sensitisation-visit-to-the-republic-of-mozambique\/"]}]},{"@type":"ImageObject","inLanguage":"en-US","@id":"https:\/\/www.african-court.org\/afchpr\/african-court-undertakes-three-day-sensitisation-visit-to-the-republic-of-mozambique\/#primaryimage","url":"https:\/\/www.african-court.org\/afchpr\/wp-content\/uploads\/2023\/08\/MZ_AFCHPR.jpg","contentUrl":"https:\/\/www.african-court.org\/afchpr\/wp-content\/uploads\/2023\/08\/MZ_AFCHPR.jpg","width":898,"height":370},{"@type":"BreadcrumbList","@id":"https:\/\/www.african-court.org\/afchpr\/african-court-undertakes-three-day-sensitisation-visit-to-the-republic-of-mozambique\/#breadcrumb","itemListElement":[{"@type":"ListItem","position":1,"name":"Home","item":"https:\/\/www.african-court.org\/afchpr\/"},{"@type":"ListItem","position":2,"name":"AFRICAN COURT UNDERTAKES THREE-DAY SENSITISATION VISIT TO THE REPUBLIC OF MOZAMBIQUE"}]},{"@type":"WebSite","@id":"https:\/\/www.african-court.org\/afchpr\/#website","url":"https:\/\/www.african-court.org\/afchpr\/","name":"African Court on Human and Peoples&#039; Rights","description":"Protecting human rights in Africa","publisher":{"@id":"https:\/\/www.african-court.org\/afchpr\/#organization"},"potentialAction":[{"@type":"SearchAction","target":{"@type":"EntryPoint","urlTemplate":"https:\/\/www.african-court.org\/afchpr\/?s={search_term_string}"},"query-input":{"@type":"PropertyValueSpecification","valueRequired":true,"valueName":"search_term_string"}}],"inLanguage":"en-US"},{"@type":"Organization","@id":"https:\/\/www.african-court.org\/afchpr\/#organization","name":"African court on human and peoples' rights","url":"https:\/\/www.african-court.org\/afchpr\/","logo":{"@type":"ImageObject","inLanguage":"en-US","@id":"https:\/\/www.african-court.org\/afchpr\/#\/schema\/logo\/image\/","url":"https:\/\/www.african-court.org\/wpafc\/wp-content\/uploads\/2020\/04\/African-Court-logo.png","contentUrl":"https:\/\/www.african-court.org\/wpafc\/wp-content\/uploads\/2020\/04\/African-Court-logo.png","width":835,"height":835,"caption":"African court on human and peoples' rights"},"image":{"@id":"https:\/\/www.african-court.org\/afchpr\/#\/schema\/logo\/image\/"},"sameAs":["https:\/\/www.facebook.com\/afchpr","https:\/\/www.youtube.com\/user\/africancourt"]},{"@type":"Person","@id":"https:\/\/www.african-court.org\/afchpr\/#\/schema\/person\/ae8de787fabf01a192c9cced8c026cb7","name":"Julius Kamya","image":{"@type":"ImageObject","inLanguage":"en-US","@id":"https:\/\/secure.gravatar.com\/avatar\/fe76a270e023267812fe0d5e157fd7d189299bf9e004b40f7787cfee2fd33a7b?s=96&d=mm&r=g","url":"https:\/\/secure.gravatar.com\/avatar\/fe76a270e023267812fe0d5e157fd7d189299bf9e004b40f7787cfee2fd33a7b?s=96&d=mm&r=g","contentUrl":"https:\/\/secure.gravatar.com\/avatar\/fe76a270e023267812fe0d5e157fd7d189299bf9e004b40f7787cfee2fd33a7b?s=96&d=mm&r=g","caption":"Julius Kamya"},"url":"https:\/\/www.african-court.org\/afchpr\/author\/julius-kamya\/"}]}},"publishpress_future_action":{"enabled":false,"date":"2026-05-03 12:44:09","action":"change-status","newStatus":"draft","terms":[],"taxonomy":"category","extraData":[]},"publishpress_future_workflow_manual_trigger":{"enabledWorkflows":[]},"post_mailing_queue_ids":[],"_links":{"self":[{"href":"https:\/\/www.african-court.org\/afchpr\/wp-json\/wp\/v2\/posts\/15003","targetHints":{"allow":["GET"]}}],"collection":[{"href":"https:\/\/www.african-court.org\/afchpr\/wp-json\/wp\/v2\/posts"}],"about":[{"href":"https:\/\/www.african-court.org\/afchpr\/wp-json\/wp\/v2\/types\/post"}],"author":[{"embeddable":true,"href":"https:\/\/www.african-court.org\/afchpr\/wp-json\/wp\/v2\/users\/9"}],"replies":[{"embeddable":true,"href":"https:\/\/www.african-court.org\/afchpr\/wp-json\/wp\/v2\/comments?post=15003"}],"version-history":[{"count":3,"href":"https:\/\/www.african-court.org\/afchpr\/wp-json\/wp\/v2\/posts\/15003\/revisions"}],"predecessor-version":[{"id":15015,"href":"https:\/\/www.african-court.org\/afchpr\/wp-json\/wp\/v2\/posts\/15003\/revisions\/15015"}],"wp:featuredmedia":[{"embeddable":true,"href":"https:\/\/www.african-court.org\/afchpr\/wp-json\/wp\/v2\/media\/15007"}],"wp:attachment":[{"href":"https:\/\/www.african-court.org\/afchpr\/wp-json\/wp\/v2\/media?parent=15003"}],"wp:term":[{"taxonomy":"category","embeddable":true,"href":"https:\/\/www.african-court.org\/afchpr\/wp-json\/wp\/v2\/categories?post=15003"},{"taxonomy":"post_tag","embeddable":true,"href":"https:\/\/www.african-court.org\/afchpr\/wp-json\/wp\/v2\/tags?post=15003"}],"curies":[{"name":"wp","href":"https:\/\/api.w.org\/{rel}","templated":true}]}}