{"id":14014,"date":"2023-02-17T17:01:59","date_gmt":"2023-02-17T14:01:59","guid":{"rendered":"https:\/\/www.african-court.org\/afchpr\/?p=14014"},"modified":"2023-02-23T18:24:33","modified_gmt":"2023-02-23T15:24:33","slug":"ceremonie-de-la-rentree-judiciaire-de-la-cour-africaine-des-droits-de-lhomme-prevue-pour-le-mardi-20-fevrier-2023","status":"publish","type":"post","link":"https:\/\/www.african-court.org\/afchpr\/ceremonie-de-la-rentree-judiciaire-de-la-cour-africaine-des-droits-de-lhomme-prevue-pour-le-mardi-20-fevrier-2023\/?lang=fr","title":{"rendered":"C\u00c9R\u00c9MONIE D&#8217;OUVERTURE DE L&#8217;ANN\u00c9E JUDICIAIRE DE LA COUR AFRICAINE DES DROITS DE L&#8217;HOMME ET DES PEUPLES"},"content":{"rendered":"\n<p><strong><em>Arusha, le 17 f\u00e9vrier 2023<\/em><\/strong><strong>:<\/strong> La Cour africaine des droits de l\u2019homme et des peuples organisera, le 20 f\u00e9vrier 2023, une c\u00e9r\u00e9monie solennelle pour marquer sa rentr\u00e9e judiciaire, laquelle sera rehauss\u00e9e par la pr\u00e9sence du vice-pr\u00e9sident de la R\u00e9publique-Unie de Tanzanie, S.E. Philip Isdor Mpango.<\/p>\n\n<p>Plus de 200 acteurs cl\u00e9s de la protection des droits de l\u2019homme, issus notamment des juridictions r\u00e9gionales et sous-r\u00e9gionales, des organes de l\u2019Union africaine dot\u00e9s d\u2019un mandat en mati\u00e8re de droits de l\u2019homme, des organisations de la soci\u00e9t\u00e9 civile, du monde universitaire, des associations de barreau, des organisations non gouvernementales, et autres, devraient prendre part \u00e0 la c\u00e9r\u00e9monie d\u2019ouverture plac\u00e9e cette ann\u00e9e sous le th\u00e8me: <strong><em>&#8220;Int\u00e9gration de la jurisprudence des m\u00e9canismes r\u00e9gionaux et internationaux des droits de l\u2019homme dans les syst\u00e8mes nationaux<\/em><\/strong><em>\u201d.<\/em> <\/p>\n\n<p>Des membres du corps diplomatique accr\u00e9dit\u00e9 en Tanzanie devraient \u00e9galement prendre part \u00e0 cet \u00e9v\u00e9nement haut en couleurs qui d\u00e9butera par une procession solennelle des juges de la Cour africaine au si\u00e8ge de la Cour \u00e0 Arusha<\/p>\n\n<p>La c\u00e9r\u00e9monie d\u00e9butera \u00e0 10h30, heure d\u2019Afrique de l\u2019Est (EAT), sous un format hybride et sera diffus\u00e9e en direct \u00e0 l\u2019adresse suivante <a href=\"https:\/\/www.youtube.com\/user\/africancourt\/live\"><strong><em>https:\/\/www.youtube.com\/@courafricaine\/streams<\/em><\/strong><\/a><strong><em> .<\/em><\/strong><\/p>\n\n<p>\u00ab La rentr\u00e9e solennelle vise \u00e0 mettre en lumi\u00e8re la Cour africaine et \u00e0 accro\u00eetre sa visibilit\u00e9 ,\u2019\u2019 a affirm\u00e9 l\u2019Honorable Juge Imani Daud Aboud, Pr\u00e9sidente de la Cour africaine.<\/p>\n\n<p>Dans le cadre de cet \u00e9v\u00e9nement, la Cour organisera \u00e9galement un dialogue interg\u00e9n\u00e9rationnel, auquel prendront part diff\u00e9rents acteurs de la profession juridique, afin de les \u00e9difier sur le travail de la Cour et la trajectoire prospective de l\u2019h\u00e9ritage\/l\u2019\u00e9volution de la Cour africaine. Le Dialogue sera diffus\u00e9 en direct de 14 : 30 (heure de l\u2019Afrique de l\u2019Est) et pourra \u00eatre suivi \u00e0 l\u2019adresse suivante <a href=\"https:\/\/www.youtube.com\/user\/africancourt\/live\"><strong><em>https:\/\/www.youtube.com\/@courafricaine\/streams<\/em><\/strong><\/a> <\/p>\n\n<p><strong><u>NOTE AUX R\u00c9DACTEURS EN CHEF<\/u>: <\/strong><\/p>\n\n<ol class=\"wp-block-list\" type=\"1\">\n<li>La Cour est compos\u00e9e de onze juges, ressortissants des \u00c9tats membres de l&#8217;Union africaine, \u00e9lus \u00e0 titre individuel. <\/li>\n\n\n\n<li>La Cour se r\u00e9unit quatre fois par an en sessions ordinaires et peut tenir des sessions extraordinaires.<\/li>\n<\/ol>\n\n<p><\/p>\n","protected":false},"excerpt":{"rendered":"<p>Arusha, le 17 f\u00e9vrier 2023: La Cour africaine des droits de l\u2019homme et des peuples organisera, le 20 f\u00e9vrier 2023, une c\u00e9r\u00e9monie solennelle pour marquer sa rentr\u00e9e judiciaire, laquelle sera rehauss\u00e9e par la pr\u00e9sence du vice-pr\u00e9sident de la R\u00e9publique-Unie de Tanzanie, S.E. Philip Isdor Mpango. Plus de 200 acteurs cl\u00e9s de la protection des droits [&hellip;]<\/p>\n","protected":false},"author":1,"featured_media":2438,"comment_status":"closed","ping_status":"closed","sticky":false,"template":"","format":"standard","meta":{"jnews-multi-image_gallery":[],"jnews_single_post":[],"jnews_primary_category":[],"jnews_social_meta":[],"jnews_override_counter":[],"jnews_post_split":[],"footnotes":""},"categories":[207,96],"tags":[],"class_list":["post-14014","post","type-post","status-publish","format-standard","has-post-thumbnail","hentry","category-communique-de-press-en-cours","category-communiques-de-presse"],"yoast_head":"<!-- This site is optimized with the Yoast SEO plugin v27.4 - https:\/\/yoast.com\/product\/yoast-seo-wordpress\/ -->\n<title>C\u00c9R\u00c9MONIE D&#039;OUVERTURE DE L&#039;ANN\u00c9E JUDICIAIRE DE LA COUR AFRICAINE DES DROITS DE L&#039;HOMME ET DES PEUPLES - African Court on Human and Peoples&#039; Rights<\/title>\n<meta name=\"robots\" content=\"index, follow, max-snippet:-1, max-image-preview:large, max-video-preview:-1\" \/>\n<link rel=\"canonical\" href=\"https:\/\/www.african-court.org\/afchpr\/ceremonie-de-la-rentree-judiciaire-de-la-cour-africaine-des-droits-de-lhomme-prevue-pour-le-mardi-20-fevrier-2023\/\" \/>\n<meta property=\"og:locale\" content=\"en_US\" \/>\n<meta property=\"og:type\" content=\"article\" \/>\n<meta property=\"og:title\" content=\"C\u00c9R\u00c9MONIE D&#039;OUVERTURE DE L&#039;ANN\u00c9E JUDICIAIRE DE LA COUR AFRICAINE DES DROITS DE L&#039;HOMME ET DES PEUPLES - African Court on Human and Peoples&#039; Rights\" \/>\n<meta property=\"og:description\" content=\"Arusha, le 17 f\u00e9vrier 2023: La Cour africaine des droits de l\u2019homme et des peuples organisera, le 20 f\u00e9vrier 2023, une c\u00e9r\u00e9monie solennelle pour marquer sa rentr\u00e9e judiciaire, laquelle sera rehauss\u00e9e par la pr\u00e9sence du vice-pr\u00e9sident de la R\u00e9publique-Unie de Tanzanie, S.E. Philip Isdor Mpango. Plus de 200 acteurs cl\u00e9s de la protection des droits [&hellip;]\" \/>\n<meta property=\"og:url\" content=\"https:\/\/www.african-court.org\/afchpr\/ceremonie-de-la-rentree-judiciaire-de-la-cour-africaine-des-droits-de-lhomme-prevue-pour-le-mardi-20-fevrier-2023\/?lang=fr\" \/>\n<meta property=\"og:site_name\" content=\"African Court on Human and Peoples&#039; Rights\" \/>\n<meta property=\"article:publisher\" content=\"https:\/\/www.facebook.com\/afchpr\" \/>\n<meta property=\"article:published_time\" content=\"2023-02-17T14:01:59+00:00\" \/>\n<meta property=\"article:modified_time\" content=\"2023-02-23T15:24:33+00:00\" \/>\n<meta property=\"og:image\" content=\"https:\/\/www.african-court.org\/afchpr\/wp-content\/uploads\/2020\/05\/african-court-welcome-1.jpg\" \/>\n\t<meta property=\"og:image:width\" content=\"1041\" \/>\n\t<meta property=\"og:image:height\" content=\"620\" \/>\n\t<meta property=\"og:image:type\" content=\"image\/jpeg\" \/>\n<meta name=\"author\" content=\"gorbiromaric\" \/>\n<meta name=\"twitter:card\" content=\"summary_large_image\" \/>\n<meta name=\"twitter:label1\" content=\"Written by\" \/>\n\t<meta name=\"twitter:data1\" content=\"gorbiromaric\" \/>\n\t<meta name=\"twitter:label2\" content=\"Est. reading time\" \/>\n\t<meta name=\"twitter:data2\" content=\"2 minutes\" \/>\n<script type=\"application\/ld+json\" class=\"yoast-schema-graph\">{\"@context\":\"https:\\\/\\\/schema.org\",\"@graph\":[{\"@type\":\"Article\",\"@id\":\"https:\\\/\\\/www.african-court.org\\\/afchpr\\\/ceremonie-de-la-rentree-judiciaire-de-la-cour-africaine-des-droits-de-lhomme-prevue-pour-le-mardi-20-fevrier-2023\\\/?lang=fr#article\",\"isPartOf\":{\"@id\":\"https:\\\/\\\/www.african-court.org\\\/afchpr\\\/ceremonie-de-la-rentree-judiciaire-de-la-cour-africaine-des-droits-de-lhomme-prevue-pour-le-mardi-20-fevrier-2023\\\/?lang=fr\"},\"author\":{\"name\":\"gorbiromaric\",\"@id\":\"https:\\\/\\\/www.african-court.org\\\/afchpr\\\/#\\\/schema\\\/person\\\/568fec949c2f77a1c6ee12ee72b4966a\"},\"headline\":\"C\u00c9R\u00c9MONIE D&#8217;OUVERTURE DE L&#8217;ANN\u00c9E JUDICIAIRE DE LA COUR AFRICAINE DES DROITS DE L&#8217;HOMME ET DES PEUPLES\",\"datePublished\":\"2023-02-17T14:01:59+00:00\",\"dateModified\":\"2023-02-23T15:24:33+00:00\",\"mainEntityOfPage\":{\"@id\":\"https:\\\/\\\/www.african-court.org\\\/afchpr\\\/ceremonie-de-la-rentree-judiciaire-de-la-cour-africaine-des-droits-de-lhomme-prevue-pour-le-mardi-20-fevrier-2023\\\/?lang=fr\"},\"wordCount\":398,\"publisher\":{\"@id\":\"https:\\\/\\\/www.african-court.org\\\/afchpr\\\/#organization\"},\"image\":{\"@id\":\"https:\\\/\\\/www.african-court.org\\\/afchpr\\\/ceremonie-de-la-rentree-judiciaire-de-la-cour-africaine-des-droits-de-lhomme-prevue-pour-le-mardi-20-fevrier-2023\\\/?lang=fr#primaryimage\"},\"thumbnailUrl\":\"https:\\\/\\\/www.african-court.org\\\/afchpr\\\/wp-content\\\/uploads\\\/2020\\\/05\\\/african-court-welcome-1.jpg\",\"articleSection\":[\"Communiqu\u00e9 de press en cours\",\"Communiqu\u00e9s de Presse\"],\"inLanguage\":\"en-US\"},{\"@type\":\"WebPage\",\"@id\":\"https:\\\/\\\/www.african-court.org\\\/afchpr\\\/ceremonie-de-la-rentree-judiciaire-de-la-cour-africaine-des-droits-de-lhomme-prevue-pour-le-mardi-20-fevrier-2023\\\/?lang=fr\",\"url\":\"https:\\\/\\\/www.african-court.org\\\/afchpr\\\/ceremonie-de-la-rentree-judiciaire-de-la-cour-africaine-des-droits-de-lhomme-prevue-pour-le-mardi-20-fevrier-2023\\\/?lang=fr\",\"name\":\"C\u00c9R\u00c9MONIE D'OUVERTURE DE L'ANN\u00c9E JUDICIAIRE DE LA COUR AFRICAINE DES DROITS DE L'HOMME ET DES PEUPLES - African Court on Human and Peoples&#039; Rights\",\"isPartOf\":{\"@id\":\"https:\\\/\\\/www.african-court.org\\\/afchpr\\\/#website\"},\"primaryImageOfPage\":{\"@id\":\"https:\\\/\\\/www.african-court.org\\\/afchpr\\\/ceremonie-de-la-rentree-judiciaire-de-la-cour-africaine-des-droits-de-lhomme-prevue-pour-le-mardi-20-fevrier-2023\\\/?lang=fr#primaryimage\"},\"image\":{\"@id\":\"https:\\\/\\\/www.african-court.org\\\/afchpr\\\/ceremonie-de-la-rentree-judiciaire-de-la-cour-africaine-des-droits-de-lhomme-prevue-pour-le-mardi-20-fevrier-2023\\\/?lang=fr#primaryimage\"},\"thumbnailUrl\":\"https:\\\/\\\/www.african-court.org\\\/afchpr\\\/wp-content\\\/uploads\\\/2020\\\/05\\\/african-court-welcome-1.jpg\",\"datePublished\":\"2023-02-17T14:01:59+00:00\",\"dateModified\":\"2023-02-23T15:24:33+00:00\",\"breadcrumb\":{\"@id\":\"https:\\\/\\\/www.african-court.org\\\/afchpr\\\/ceremonie-de-la-rentree-judiciaire-de-la-cour-africaine-des-droits-de-lhomme-prevue-pour-le-mardi-20-fevrier-2023\\\/?lang=fr#breadcrumb\"},\"inLanguage\":\"en-US\",\"potentialAction\":[{\"@type\":\"ReadAction\",\"target\":[\"https:\\\/\\\/www.african-court.org\\\/afchpr\\\/ceremonie-de-la-rentree-judiciaire-de-la-cour-africaine-des-droits-de-lhomme-prevue-pour-le-mardi-20-fevrier-2023\\\/?lang=fr\"]}]},{\"@type\":\"ImageObject\",\"inLanguage\":\"en-US\",\"@id\":\"https:\\\/\\\/www.african-court.org\\\/afchpr\\\/ceremonie-de-la-rentree-judiciaire-de-la-cour-africaine-des-droits-de-lhomme-prevue-pour-le-mardi-20-fevrier-2023\\\/?lang=fr#primaryimage\",\"url\":\"https:\\\/\\\/www.african-court.org\\\/afchpr\\\/wp-content\\\/uploads\\\/2020\\\/05\\\/african-court-welcome-1.jpg\",\"contentUrl\":\"https:\\\/\\\/www.african-court.org\\\/afchpr\\\/wp-content\\\/uploads\\\/2020\\\/05\\\/african-court-welcome-1.jpg\",\"width\":1041,\"height\":620,\"caption\":\"african court welcome\"},{\"@type\":\"BreadcrumbList\",\"@id\":\"https:\\\/\\\/www.african-court.org\\\/afchpr\\\/ceremonie-de-la-rentree-judiciaire-de-la-cour-africaine-des-droits-de-lhomme-prevue-pour-le-mardi-20-fevrier-2023\\\/?lang=fr#breadcrumb\",\"itemListElement\":[{\"@type\":\"ListItem\",\"position\":1,\"name\":\"Home\",\"item\":\"https:\\\/\\\/www.african-court.org\\\/afchpr\\\/\"},{\"@type\":\"ListItem\",\"position\":2,\"name\":\"C\u00c9R\u00c9MONIE D&#8217;OUVERTURE DE L&#8217;ANN\u00c9E JUDICIAIRE DE LA COUR AFRICAINE DES DROITS DE L&#8217;HOMME ET DES PEUPLES\"}]},{\"@type\":\"WebSite\",\"@id\":\"https:\\\/\\\/www.african-court.org\\\/afchpr\\\/#website\",\"url\":\"https:\\\/\\\/www.african-court.org\\\/afchpr\\\/\",\"name\":\"African Court on Human and Peoples&#039; Rights\",\"description\":\"Protecting human rights in Africa\",\"publisher\":{\"@id\":\"https:\\\/\\\/www.african-court.org\\\/afchpr\\\/#organization\"},\"potentialAction\":[{\"@type\":\"SearchAction\",\"target\":{\"@type\":\"EntryPoint\",\"urlTemplate\":\"https:\\\/\\\/www.african-court.org\\\/afchpr\\\/?s={search_term_string}\"},\"query-input\":{\"@type\":\"PropertyValueSpecification\",\"valueRequired\":true,\"valueName\":\"search_term_string\"}}],\"inLanguage\":\"en-US\"},{\"@type\":\"Organization\",\"@id\":\"https:\\\/\\\/www.african-court.org\\\/afchpr\\\/#organization\",\"name\":\"African court on human and peoples' rights\",\"url\":\"https:\\\/\\\/www.african-court.org\\\/afchpr\\\/\",\"logo\":{\"@type\":\"ImageObject\",\"inLanguage\":\"en-US\",\"@id\":\"https:\\\/\\\/www.african-court.org\\\/afchpr\\\/#\\\/schema\\\/logo\\\/image\\\/\",\"url\":\"https:\\\/\\\/www.african-court.org\\\/wpafc\\\/wp-content\\\/uploads\\\/2020\\\/04\\\/African-Court-logo.png\",\"contentUrl\":\"https:\\\/\\\/www.african-court.org\\\/wpafc\\\/wp-content\\\/uploads\\\/2020\\\/04\\\/African-Court-logo.png\",\"width\":835,\"height\":835,\"caption\":\"African court on human and peoples' rights\"},\"image\":{\"@id\":\"https:\\\/\\\/www.african-court.org\\\/afchpr\\\/#\\\/schema\\\/logo\\\/image\\\/\"},\"sameAs\":[\"https:\\\/\\\/www.facebook.com\\\/afchpr\",\"https:\\\/\\\/www.youtube.com\\\/user\\\/africancourt\"]},{\"@type\":\"Person\",\"@id\":\"https:\\\/\\\/www.african-court.org\\\/afchpr\\\/#\\\/schema\\\/person\\\/568fec949c2f77a1c6ee12ee72b4966a\",\"name\":\"gorbiromaric\",\"image\":{\"@type\":\"ImageObject\",\"inLanguage\":\"en-US\",\"@id\":\"https:\\\/\\\/secure.gravatar.com\\\/avatar\\\/a04945442a7b840a49295088837c02edf1b7bc9f902b08ad2e55d650ffa7deb5?s=96&d=mm&r=g\",\"url\":\"https:\\\/\\\/secure.gravatar.com\\\/avatar\\\/a04945442a7b840a49295088837c02edf1b7bc9f902b08ad2e55d650ffa7deb5?s=96&d=mm&r=g\",\"contentUrl\":\"https:\\\/\\\/secure.gravatar.com\\\/avatar\\\/a04945442a7b840a49295088837c02edf1b7bc9f902b08ad2e55d650ffa7deb5?s=96&d=mm&r=g\",\"caption\":\"gorbiromaric\"},\"url\":\"https:\\\/\\\/www.african-court.org\\\/afchpr\\\/author\\\/gorbiromaric\\\/\"}]}<\/script>\n<!-- \/ Yoast SEO plugin. -->","yoast_head_json":{"title":"C\u00c9R\u00c9MONIE D'OUVERTURE DE L'ANN\u00c9E JUDICIAIRE DE LA COUR AFRICAINE DES DROITS DE L'HOMME ET DES PEUPLES - African Court on Human and Peoples&#039; Rights","robots":{"index":"index","follow":"follow","max-snippet":"max-snippet:-1","max-image-preview":"max-image-preview:large","max-video-preview":"max-video-preview:-1"},"canonical":"https:\/\/www.african-court.org\/afchpr\/ceremonie-de-la-rentree-judiciaire-de-la-cour-africaine-des-droits-de-lhomme-prevue-pour-le-mardi-20-fevrier-2023\/","og_locale":"en_US","og_type":"article","og_title":"C\u00c9R\u00c9MONIE D'OUVERTURE DE L'ANN\u00c9E JUDICIAIRE DE LA COUR AFRICAINE DES DROITS DE L'HOMME ET DES PEUPLES - African Court on Human and Peoples&#039; Rights","og_description":"Arusha, le 17 f\u00e9vrier 2023: La Cour africaine des droits de l\u2019homme et des peuples organisera, le 20 f\u00e9vrier 2023, une c\u00e9r\u00e9monie solennelle pour marquer sa rentr\u00e9e judiciaire, laquelle sera rehauss\u00e9e par la pr\u00e9sence du vice-pr\u00e9sident de la R\u00e9publique-Unie de Tanzanie, S.E. Philip Isdor Mpango. Plus de 200 acteurs cl\u00e9s de la protection des droits [&hellip;]","og_url":"https:\/\/www.african-court.org\/afchpr\/ceremonie-de-la-rentree-judiciaire-de-la-cour-africaine-des-droits-de-lhomme-prevue-pour-le-mardi-20-fevrier-2023\/?lang=fr","og_site_name":"African Court on Human and Peoples&#039; Rights","article_publisher":"https:\/\/www.facebook.com\/afchpr","article_published_time":"2023-02-17T14:01:59+00:00","article_modified_time":"2023-02-23T15:24:33+00:00","og_image":[{"width":1041,"height":620,"url":"https:\/\/www.african-court.org\/afchpr\/wp-content\/uploads\/2020\/05\/african-court-welcome-1.jpg","type":"image\/jpeg"}],"author":"gorbiromaric","twitter_card":"summary_large_image","twitter_misc":{"Written by":"gorbiromaric","Est. reading time":"2 minutes"},"schema":{"@context":"https:\/\/schema.org","@graph":[{"@type":"Article","@id":"https:\/\/www.african-court.org\/afchpr\/ceremonie-de-la-rentree-judiciaire-de-la-cour-africaine-des-droits-de-lhomme-prevue-pour-le-mardi-20-fevrier-2023\/?lang=fr#article","isPartOf":{"@id":"https:\/\/www.african-court.org\/afchpr\/ceremonie-de-la-rentree-judiciaire-de-la-cour-africaine-des-droits-de-lhomme-prevue-pour-le-mardi-20-fevrier-2023\/?lang=fr"},"author":{"name":"gorbiromaric","@id":"https:\/\/www.african-court.org\/afchpr\/#\/schema\/person\/568fec949c2f77a1c6ee12ee72b4966a"},"headline":"C\u00c9R\u00c9MONIE D&#8217;OUVERTURE DE L&#8217;ANN\u00c9E JUDICIAIRE DE LA COUR AFRICAINE DES DROITS DE L&#8217;HOMME ET DES PEUPLES","datePublished":"2023-02-17T14:01:59+00:00","dateModified":"2023-02-23T15:24:33+00:00","mainEntityOfPage":{"@id":"https:\/\/www.african-court.org\/afchpr\/ceremonie-de-la-rentree-judiciaire-de-la-cour-africaine-des-droits-de-lhomme-prevue-pour-le-mardi-20-fevrier-2023\/?lang=fr"},"wordCount":398,"publisher":{"@id":"https:\/\/www.african-court.org\/afchpr\/#organization"},"image":{"@id":"https:\/\/www.african-court.org\/afchpr\/ceremonie-de-la-rentree-judiciaire-de-la-cour-africaine-des-droits-de-lhomme-prevue-pour-le-mardi-20-fevrier-2023\/?lang=fr#primaryimage"},"thumbnailUrl":"https:\/\/www.african-court.org\/afchpr\/wp-content\/uploads\/2020\/05\/african-court-welcome-1.jpg","articleSection":["Communiqu\u00e9 de press en cours","Communiqu\u00e9s de Presse"],"inLanguage":"en-US"},{"@type":"WebPage","@id":"https:\/\/www.african-court.org\/afchpr\/ceremonie-de-la-rentree-judiciaire-de-la-cour-africaine-des-droits-de-lhomme-prevue-pour-le-mardi-20-fevrier-2023\/?lang=fr","url":"https:\/\/www.african-court.org\/afchpr\/ceremonie-de-la-rentree-judiciaire-de-la-cour-africaine-des-droits-de-lhomme-prevue-pour-le-mardi-20-fevrier-2023\/?lang=fr","name":"C\u00c9R\u00c9MONIE D'OUVERTURE DE L'ANN\u00c9E JUDICIAIRE DE LA COUR AFRICAINE DES DROITS DE L'HOMME ET DES PEUPLES - African Court on Human and Peoples&#039; Rights","isPartOf":{"@id":"https:\/\/www.african-court.org\/afchpr\/#website"},"primaryImageOfPage":{"@id":"https:\/\/www.african-court.org\/afchpr\/ceremonie-de-la-rentree-judiciaire-de-la-cour-africaine-des-droits-de-lhomme-prevue-pour-le-mardi-20-fevrier-2023\/?lang=fr#primaryimage"},"image":{"@id":"https:\/\/www.african-court.org\/afchpr\/ceremonie-de-la-rentree-judiciaire-de-la-cour-africaine-des-droits-de-lhomme-prevue-pour-le-mardi-20-fevrier-2023\/?lang=fr#primaryimage"},"thumbnailUrl":"https:\/\/www.african-court.org\/afchpr\/wp-content\/uploads\/2020\/05\/african-court-welcome-1.jpg","datePublished":"2023-02-17T14:01:59+00:00","dateModified":"2023-02-23T15:24:33+00:00","breadcrumb":{"@id":"https:\/\/www.african-court.org\/afchpr\/ceremonie-de-la-rentree-judiciaire-de-la-cour-africaine-des-droits-de-lhomme-prevue-pour-le-mardi-20-fevrier-2023\/?lang=fr#breadcrumb"},"inLanguage":"en-US","potentialAction":[{"@type":"ReadAction","target":["https:\/\/www.african-court.org\/afchpr\/ceremonie-de-la-rentree-judiciaire-de-la-cour-africaine-des-droits-de-lhomme-prevue-pour-le-mardi-20-fevrier-2023\/?lang=fr"]}]},{"@type":"ImageObject","inLanguage":"en-US","@id":"https:\/\/www.african-court.org\/afchpr\/ceremonie-de-la-rentree-judiciaire-de-la-cour-africaine-des-droits-de-lhomme-prevue-pour-le-mardi-20-fevrier-2023\/?lang=fr#primaryimage","url":"https:\/\/www.african-court.org\/afchpr\/wp-content\/uploads\/2020\/05\/african-court-welcome-1.jpg","contentUrl":"https:\/\/www.african-court.org\/afchpr\/wp-content\/uploads\/2020\/05\/african-court-welcome-1.jpg","width":1041,"height":620,"caption":"african court welcome"},{"@type":"BreadcrumbList","@id":"https:\/\/www.african-court.org\/afchpr\/ceremonie-de-la-rentree-judiciaire-de-la-cour-africaine-des-droits-de-lhomme-prevue-pour-le-mardi-20-fevrier-2023\/?lang=fr#breadcrumb","itemListElement":[{"@type":"ListItem","position":1,"name":"Home","item":"https:\/\/www.african-court.org\/afchpr\/"},{"@type":"ListItem","position":2,"name":"C\u00c9R\u00c9MONIE D&#8217;OUVERTURE DE L&#8217;ANN\u00c9E JUDICIAIRE DE LA COUR AFRICAINE DES DROITS DE L&#8217;HOMME ET DES PEUPLES"}]},{"@type":"WebSite","@id":"https:\/\/www.african-court.org\/afchpr\/#website","url":"https:\/\/www.african-court.org\/afchpr\/","name":"African Court on Human and Peoples&#039; Rights","description":"Protecting human rights in Africa","publisher":{"@id":"https:\/\/www.african-court.org\/afchpr\/#organization"},"potentialAction":[{"@type":"SearchAction","target":{"@type":"EntryPoint","urlTemplate":"https:\/\/www.african-court.org\/afchpr\/?s={search_term_string}"},"query-input":{"@type":"PropertyValueSpecification","valueRequired":true,"valueName":"search_term_string"}}],"inLanguage":"en-US"},{"@type":"Organization","@id":"https:\/\/www.african-court.org\/afchpr\/#organization","name":"African court on human and peoples' rights","url":"https:\/\/www.african-court.org\/afchpr\/","logo":{"@type":"ImageObject","inLanguage":"en-US","@id":"https:\/\/www.african-court.org\/afchpr\/#\/schema\/logo\/image\/","url":"https:\/\/www.african-court.org\/wpafc\/wp-content\/uploads\/2020\/04\/African-Court-logo.png","contentUrl":"https:\/\/www.african-court.org\/wpafc\/wp-content\/uploads\/2020\/04\/African-Court-logo.png","width":835,"height":835,"caption":"African court on human and peoples' rights"},"image":{"@id":"https:\/\/www.african-court.org\/afchpr\/#\/schema\/logo\/image\/"},"sameAs":["https:\/\/www.facebook.com\/afchpr","https:\/\/www.youtube.com\/user\/africancourt"]},{"@type":"Person","@id":"https:\/\/www.african-court.org\/afchpr\/#\/schema\/person\/568fec949c2f77a1c6ee12ee72b4966a","name":"gorbiromaric","image":{"@type":"ImageObject","inLanguage":"en-US","@id":"https:\/\/secure.gravatar.com\/avatar\/a04945442a7b840a49295088837c02edf1b7bc9f902b08ad2e55d650ffa7deb5?s=96&d=mm&r=g","url":"https:\/\/secure.gravatar.com\/avatar\/a04945442a7b840a49295088837c02edf1b7bc9f902b08ad2e55d650ffa7deb5?s=96&d=mm&r=g","contentUrl":"https:\/\/secure.gravatar.com\/avatar\/a04945442a7b840a49295088837c02edf1b7bc9f902b08ad2e55d650ffa7deb5?s=96&d=mm&r=g","caption":"gorbiromaric"},"url":"https:\/\/www.african-court.org\/afchpr\/author\/gorbiromaric\/"}]}},"publishpress_future_action":{"enabled":false,"date":"2026-05-03 12:43:47","action":"change-status","newStatus":"draft","terms":[],"taxonomy":"category","extraData":[]},"publishpress_future_workflow_manual_trigger":{"enabledWorkflows":[]},"post_mailing_queue_ids":[],"_links":{"self":[{"href":"https:\/\/www.african-court.org\/afchpr\/wp-json\/wp\/v2\/posts\/14014","targetHints":{"allow":["GET"]}}],"collection":[{"href":"https:\/\/www.african-court.org\/afchpr\/wp-json\/wp\/v2\/posts"}],"about":[{"href":"https:\/\/www.african-court.org\/afchpr\/wp-json\/wp\/v2\/types\/post"}],"author":[{"embeddable":true,"href":"https:\/\/www.african-court.org\/afchpr\/wp-json\/wp\/v2\/users\/1"}],"replies":[{"embeddable":true,"href":"https:\/\/www.african-court.org\/afchpr\/wp-json\/wp\/v2\/comments?post=14014"}],"version-history":[{"count":6,"href":"https:\/\/www.african-court.org\/afchpr\/wp-json\/wp\/v2\/posts\/14014\/revisions"}],"predecessor-version":[{"id":14116,"href":"https:\/\/www.african-court.org\/afchpr\/wp-json\/wp\/v2\/posts\/14014\/revisions\/14116"}],"wp:featuredmedia":[{"embeddable":true,"href":"https:\/\/www.african-court.org\/afchpr\/wp-json\/wp\/v2\/media\/2438"}],"wp:attachment":[{"href":"https:\/\/www.african-court.org\/afchpr\/wp-json\/wp\/v2\/media?parent=14014"}],"wp:term":[{"taxonomy":"category","embeddable":true,"href":"https:\/\/www.african-court.org\/afchpr\/wp-json\/wp\/v2\/categories?post=14014"},{"taxonomy":"post_tag","embeddable":true,"href":"https:\/\/www.african-court.org\/afchpr\/wp-json\/wp\/v2\/tags?post=14014"}],"curies":[{"name":"wp","href":"https:\/\/api.w.org\/{rel}","templated":true}]}}