{"id":12765,"date":"2022-08-12T14:47:42","date_gmt":"2022-08-12T11:47:42","guid":{"rendered":"https:\/\/www.african-court.org\/afchpr\/?p=12765"},"modified":"2022-09-16T15:00:37","modified_gmt":"2022-09-16T12:00:37","slug":"la-cour-africaine-des-droits-de-lhomme-et-des-peuples-effectuera-une-mission-de-sensibilisation-en-mauritanie-la-semaine-prochaine","status":"publish","type":"post","link":"https:\/\/www.african-court.org\/afchpr\/la-cour-africaine-des-droits-de-lhomme-et-des-peuples-effectuera-une-mission-de-sensibilisation-en-mauritanie-la-semaine-prochaine\/?lang=fr","title":{"rendered":"LA COUR AFRICAINE DES DROITS DE L\u2019HOMME ET DES PEUPLES A EFFECTU\u00c9 UNE MISSION DE SENSIBILISATION EN MAURITANIE"},"content":{"rendered":"\n<p><strong><em>Arusha le 12 ao\u00fbt 2022<\/em><\/strong>: <em>L<\/em>a Cour africaine des droits de l\u2019homme et des peuples effectuera une mission de sensibilisation de trois jours en R\u00e9publique Islamique du 15 au 17 ao\u00fbt 2022.<\/p>\n\n<p>La d\u00e9l\u00e9gation de la mission, compos\u00e9e de fonctionnaires du Greffe, sera conduite par l\u2019honorable Juge Imani Daud ABOUD, Pr\u00e9sidente de la Cour et par l\u2019honorable Juge Chafika BENSAOULA<\/p>\n\n<p>\u00ab L\u2019objectif vis\u00e9 par cette mission est d\u2019encourager la Mauritanie \u00e0 d\u00e9poser la D\u00e9claration en vertu de laquelle les individus peuvent acc\u00e9der directement \u00e0 la Cour \u00bb, a soulign\u00e9 la Pr\u00e9sidente ABOUD.<\/p>\n\n<p>Elle a, en outre, ajout\u00e9 que le succ\u00e8s du mandat de la Cour en tant qu\u2019organe de protection des droits de l\u2019homme passe par une ratification plus accrue du Protocole par les \u00c9tats membres et par l\u2019acceptation de la comp\u00e9tence de la Cour \u00e0 travers le d\u00e9p\u00f4t de la D\u00e9claration pr\u00e9vue \u00e0 l\u2019article 34(6).<\/p>\n\n<p>\u00ab Une ratification \u00ab universelle \u00bb donnera \u00e0 la Cour la l\u00e9gitimit\u00e9 dont elle a besoin pour s\u2019acquitter de son mandat \u00bb, a-t-elle conclu.<\/p>\n\n<p>La Mauritanie a ratifi\u00e9 le Protocole relatif \u00e0 la Charte africaine des droits de l\u2019homme et des peuples portant cr\u00e9ation d\u2019une Cour africaine des droits de l\u2019homme et des peuples le 14 d\u00e9cembre 2005, mais n\u2019a pas encore d\u00e9pos\u00e9 la D\u00e9claration pr\u00e9vue \u00e0 l\u2019article 34(6).<\/p>\n\n<p>Les pays ayant, \u00e0 ce jour, d\u00e9pos\u00e9 la D\u00e9claration sont : le Burkina Faso, la Gambie, le Ghana, la Guin\u00e9e-Bissau, le Malawi, le Mali, le Niger et la Tunisie.<\/p>\n\n<p><strong>NOTES AUX R\u00c9DACTEURS<\/strong><\/p>\n\n<p>1. La Cour africaine des droits de l\u2019homme et des peuples a \u00e9t\u00e9 cr\u00e9\u00e9e en vertu de l\u2019article 1 du Protocole \u00e0 la Charte africaine des droits de l\u2019homme et des peuples portant cr\u00e9ation d\u2019une Cour africaine des droits de l\u2019homme et des peuples, pour compl\u00e9ter le mandat de protection de la Commission africaine des droits de l\u2019homme et des peuples, en vue de renforcer la protection des droits de l\u2019homme sur le continent.<\/p>\n\n<p>2. Les visites de sensibilisations visent principalement \u00e0 renforcer la protection des droits de l\u2019homme en Afrique. Les objectifs sp\u00e9cifiques des missions sont notamment de sensibiliser le grand public \u00e0 la Cour, d\u2019encourager les \u00c9tats membres \u00e0 ratifier le Protocole et \u00e0 d\u00e9poser la D\u00e9claration qui permet aux individus et aux ONG d\u2019acc\u00e9der directement \u00e0 la Cour, de sensibiliser les requ\u00e9rants potentiels \u00e0 la mani\u00e8re d\u2019acc\u00e9der \u00e0 la Cour et aux proc\u00e9dures devant la Cour, d\u2019encourager le public \u00e0 recourir \u00e0 la Cour pour r\u00e9gler les litiges relatifs aux droits de l\u2019homme et pour solliciter des avis consultatifs <\/p>\n\n<p>3. La Cour se compose de 11 juges, ressortissants des \u00c9tats membres de l\u2019Union africaine, \u00e9lus \u00e0 titre individuel.<\/p>\n\n<p>4. La Cour se r\u00e9unit quatre fois par an en sessions ordinaires et peut tenir des sessions extraordinaires.<\/p>\n\n<p><strong><em>Pour de plus amples informations sur la Cour, veuillez visiter le site Web de la Cour <\/em><\/strong><a href=\"http:\/\/www.african-court.org\"><em>www.african-court.org<\/em><\/a><strong><em>.<\/em><\/strong><\/p>\n\n<p>Pour plus de pr\u00e9cision, contacter : <strong>Dr Robert Eno, Greffier<\/strong><\/p>\n\n<p><strong>Courriel<\/strong>: <a href=\"mailto:Robert.Eno@african-court.org\">Robert.Eno@african-court.org<\/a><\/p>\n\n<p>Pour la couverture m\u00e9diatique:<a href=\"mailto:AfricanCourtMedia@african-court.org\">AfricanCourtMedia@african-court.org<\/a><\/p>\n","protected":false},"excerpt":{"rendered":"<p>Arusha le 12 ao\u00fbt 2022: La Cour africaine des droits de l\u2019homme et des peuples effectuera une mission de sensibilisation de trois jours en R\u00e9publique Islamique du 15 au 17 ao\u00fbt 2022. La d\u00e9l\u00e9gation de la mission, compos\u00e9e de fonctionnaires du Greffe, sera conduite par l\u2019honorable Juge Imani Daud ABOUD, Pr\u00e9sidente de la Cour et [&hellip;]<\/p>\n","protected":false},"author":1,"featured_media":10882,"comment_status":"closed","ping_status":"closed","sticky":false,"template":"","format":"standard","meta":{"jnews-multi-image_gallery":[],"jnews_single_post":[],"jnews_primary_category":[],"jnews_social_meta":[],"jnews_override_counter":[],"jnews_post_split":[],"footnotes":""},"categories":[96],"tags":[],"class_list":["post-12765","post","type-post","status-publish","format-standard","has-post-thumbnail","hentry","category-communiques-de-presse"],"yoast_head":"<!-- This site is optimized with the Yoast SEO plugin v27.4 - https:\/\/yoast.com\/product\/yoast-seo-wordpress\/ -->\n<title>LA COUR AFRICAINE DES DROITS DE L\u2019HOMME ET DES PEUPLES A EFFECTU\u00c9 UNE MISSION DE SENSIBILISATION EN MAURITANIE - African Court on Human and Peoples&#039; Rights<\/title>\n<meta name=\"description\" content=\"La Cour africaine des droits de l\u2019homme et des peuples effectuera une mission de sensibilisation de trois jours en R\u00e9publique Islamique du 15 au 17 ao\u00fbt 2022.\" \/>\n<meta name=\"robots\" content=\"index, follow, max-snippet:-1, max-image-preview:large, max-video-preview:-1\" \/>\n<link rel=\"canonical\" href=\"https:\/\/www.african-court.org\/afchpr\/la-cour-africaine-des-droits-de-lhomme-et-des-peuples-effectuera-une-mission-de-sensibilisation-en-mauritanie-la-semaine-prochaine\/\" \/>\n<meta property=\"og:locale\" content=\"en_US\" \/>\n<meta property=\"og:type\" content=\"article\" \/>\n<meta property=\"og:title\" content=\"LA COUR AFRICAINE DES DROITS DE L\u2019HOMME ET DES PEUPLES A EFFECTU\u00c9 UNE MISSION DE SENSIBILISATION EN MAURITANIE - African Court on Human and Peoples&#039; Rights\" \/>\n<meta property=\"og:description\" content=\"La Cour africaine des droits de l\u2019homme et des peuples effectuera une mission de sensibilisation de trois jours en R\u00e9publique Islamique du 15 au 17 ao\u00fbt 2022.\" \/>\n<meta property=\"og:url\" content=\"https:\/\/www.african-court.org\/afchpr\/la-cour-africaine-des-droits-de-lhomme-et-des-peuples-effectuera-une-mission-de-sensibilisation-en-mauritanie-la-semaine-prochaine\/?lang=fr\" \/>\n<meta property=\"og:site_name\" content=\"African Court on Human and Peoples&#039; Rights\" \/>\n<meta property=\"article:publisher\" content=\"https:\/\/www.facebook.com\/afchpr\" \/>\n<meta property=\"article:published_time\" content=\"2022-08-12T11:47:42+00:00\" \/>\n<meta property=\"article:modified_time\" content=\"2022-09-16T12:00:37+00:00\" \/>\n<meta property=\"og:image\" content=\"https:\/\/www.african-court.org\/afchpr\/wp-content\/uploads\/2022\/04\/Group-photo-judge-2.jpg\" \/>\n\t<meta property=\"og:image:width\" content=\"2464\" \/>\n\t<meta property=\"og:image:height\" content=\"1632\" \/>\n\t<meta property=\"og:image:type\" content=\"image\/jpeg\" \/>\n<meta name=\"author\" content=\"gorbiromaric\" \/>\n<meta name=\"twitter:card\" content=\"summary_large_image\" \/>\n<meta name=\"twitter:label1\" content=\"Written by\" \/>\n\t<meta name=\"twitter:data1\" content=\"gorbiromaric\" \/>\n\t<meta name=\"twitter:label2\" content=\"Est. reading time\" \/>\n\t<meta name=\"twitter:data2\" content=\"3 minutes\" \/>\n<script type=\"application\/ld+json\" class=\"yoast-schema-graph\">{\"@context\":\"https:\\\/\\\/schema.org\",\"@graph\":[{\"@type\":\"Article\",\"@id\":\"https:\\\/\\\/www.african-court.org\\\/afchpr\\\/la-cour-africaine-des-droits-de-lhomme-et-des-peuples-effectuera-une-mission-de-sensibilisation-en-mauritanie-la-semaine-prochaine\\\/?lang=fr#article\",\"isPartOf\":{\"@id\":\"https:\\\/\\\/www.african-court.org\\\/afchpr\\\/la-cour-africaine-des-droits-de-lhomme-et-des-peuples-effectuera-une-mission-de-sensibilisation-en-mauritanie-la-semaine-prochaine\\\/?lang=fr\"},\"author\":{\"name\":\"gorbiromaric\",\"@id\":\"https:\\\/\\\/www.african-court.org\\\/afchpr\\\/#\\\/schema\\\/person\\\/568fec949c2f77a1c6ee12ee72b4966a\"},\"headline\":\"LA COUR AFRICAINE DES DROITS DE L\u2019HOMME ET DES PEUPLES A EFFECTU\u00c9 UNE MISSION DE SENSIBILISATION EN MAURITANIE\",\"datePublished\":\"2022-08-12T11:47:42+00:00\",\"dateModified\":\"2022-09-16T12:00:37+00:00\",\"mainEntityOfPage\":{\"@id\":\"https:\\\/\\\/www.african-court.org\\\/afchpr\\\/la-cour-africaine-des-droits-de-lhomme-et-des-peuples-effectuera-une-mission-de-sensibilisation-en-mauritanie-la-semaine-prochaine\\\/?lang=fr\"},\"wordCount\":545,\"publisher\":{\"@id\":\"https:\\\/\\\/www.african-court.org\\\/afchpr\\\/#organization\"},\"image\":{\"@id\":\"https:\\\/\\\/www.african-court.org\\\/afchpr\\\/la-cour-africaine-des-droits-de-lhomme-et-des-peuples-effectuera-une-mission-de-sensibilisation-en-mauritanie-la-semaine-prochaine\\\/?lang=fr#primaryimage\"},\"thumbnailUrl\":\"https:\\\/\\\/www.african-court.org\\\/afchpr\\\/wp-content\\\/uploads\\\/2022\\\/04\\\/Group-photo-judge-2.jpg\",\"articleSection\":[\"Communiqu\u00e9s de Presse\"],\"inLanguage\":\"en-US\"},{\"@type\":\"WebPage\",\"@id\":\"https:\\\/\\\/www.african-court.org\\\/afchpr\\\/la-cour-africaine-des-droits-de-lhomme-et-des-peuples-effectuera-une-mission-de-sensibilisation-en-mauritanie-la-semaine-prochaine\\\/?lang=fr\",\"url\":\"https:\\\/\\\/www.african-court.org\\\/afchpr\\\/la-cour-africaine-des-droits-de-lhomme-et-des-peuples-effectuera-une-mission-de-sensibilisation-en-mauritanie-la-semaine-prochaine\\\/?lang=fr\",\"name\":\"LA COUR AFRICAINE DES DROITS DE L\u2019HOMME ET DES PEUPLES A EFFECTU\u00c9 UNE MISSION DE SENSIBILISATION EN MAURITANIE - African Court on Human and Peoples&#039; Rights\",\"isPartOf\":{\"@id\":\"https:\\\/\\\/www.african-court.org\\\/afchpr\\\/#website\"},\"primaryImageOfPage\":{\"@id\":\"https:\\\/\\\/www.african-court.org\\\/afchpr\\\/la-cour-africaine-des-droits-de-lhomme-et-des-peuples-effectuera-une-mission-de-sensibilisation-en-mauritanie-la-semaine-prochaine\\\/?lang=fr#primaryimage\"},\"image\":{\"@id\":\"https:\\\/\\\/www.african-court.org\\\/afchpr\\\/la-cour-africaine-des-droits-de-lhomme-et-des-peuples-effectuera-une-mission-de-sensibilisation-en-mauritanie-la-semaine-prochaine\\\/?lang=fr#primaryimage\"},\"thumbnailUrl\":\"https:\\\/\\\/www.african-court.org\\\/afchpr\\\/wp-content\\\/uploads\\\/2022\\\/04\\\/Group-photo-judge-2.jpg\",\"datePublished\":\"2022-08-12T11:47:42+00:00\",\"dateModified\":\"2022-09-16T12:00:37+00:00\",\"description\":\"La Cour africaine des droits de l\u2019homme et des peuples effectuera une mission de sensibilisation de trois jours en R\u00e9publique Islamique du 15 au 17 ao\u00fbt 2022.\",\"breadcrumb\":{\"@id\":\"https:\\\/\\\/www.african-court.org\\\/afchpr\\\/la-cour-africaine-des-droits-de-lhomme-et-des-peuples-effectuera-une-mission-de-sensibilisation-en-mauritanie-la-semaine-prochaine\\\/?lang=fr#breadcrumb\"},\"inLanguage\":\"en-US\",\"potentialAction\":[{\"@type\":\"ReadAction\",\"target\":[\"https:\\\/\\\/www.african-court.org\\\/afchpr\\\/la-cour-africaine-des-droits-de-lhomme-et-des-peuples-effectuera-une-mission-de-sensibilisation-en-mauritanie-la-semaine-prochaine\\\/?lang=fr\"]}]},{\"@type\":\"ImageObject\",\"inLanguage\":\"en-US\",\"@id\":\"https:\\\/\\\/www.african-court.org\\\/afchpr\\\/la-cour-africaine-des-droits-de-lhomme-et-des-peuples-effectuera-une-mission-de-sensibilisation-en-mauritanie-la-semaine-prochaine\\\/?lang=fr#primaryimage\",\"url\":\"https:\\\/\\\/www.african-court.org\\\/afchpr\\\/wp-content\\\/uploads\\\/2022\\\/04\\\/Group-photo-judge-2.jpg\",\"contentUrl\":\"https:\\\/\\\/www.african-court.org\\\/afchpr\\\/wp-content\\\/uploads\\\/2022\\\/04\\\/Group-photo-judge-2.jpg\",\"width\":2464,\"height\":1632},{\"@type\":\"BreadcrumbList\",\"@id\":\"https:\\\/\\\/www.african-court.org\\\/afchpr\\\/la-cour-africaine-des-droits-de-lhomme-et-des-peuples-effectuera-une-mission-de-sensibilisation-en-mauritanie-la-semaine-prochaine\\\/?lang=fr#breadcrumb\",\"itemListElement\":[{\"@type\":\"ListItem\",\"position\":1,\"name\":\"Home\",\"item\":\"https:\\\/\\\/www.african-court.org\\\/afchpr\\\/\"},{\"@type\":\"ListItem\",\"position\":2,\"name\":\"LA COUR AFRICAINE DES DROITS DE L\u2019HOMME ET DES PEUPLES A EFFECTU\u00c9 UNE MISSION DE SENSIBILISATION EN MAURITANIE\"}]},{\"@type\":\"WebSite\",\"@id\":\"https:\\\/\\\/www.african-court.org\\\/afchpr\\\/#website\",\"url\":\"https:\\\/\\\/www.african-court.org\\\/afchpr\\\/\",\"name\":\"African Court on Human and Peoples&#039; Rights\",\"description\":\"Protecting human rights in Africa\",\"publisher\":{\"@id\":\"https:\\\/\\\/www.african-court.org\\\/afchpr\\\/#organization\"},\"potentialAction\":[{\"@type\":\"SearchAction\",\"target\":{\"@type\":\"EntryPoint\",\"urlTemplate\":\"https:\\\/\\\/www.african-court.org\\\/afchpr\\\/?s={search_term_string}\"},\"query-input\":{\"@type\":\"PropertyValueSpecification\",\"valueRequired\":true,\"valueName\":\"search_term_string\"}}],\"inLanguage\":\"en-US\"},{\"@type\":\"Organization\",\"@id\":\"https:\\\/\\\/www.african-court.org\\\/afchpr\\\/#organization\",\"name\":\"African court on human and peoples' rights\",\"url\":\"https:\\\/\\\/www.african-court.org\\\/afchpr\\\/\",\"logo\":{\"@type\":\"ImageObject\",\"inLanguage\":\"en-US\",\"@id\":\"https:\\\/\\\/www.african-court.org\\\/afchpr\\\/#\\\/schema\\\/logo\\\/image\\\/\",\"url\":\"https:\\\/\\\/www.african-court.org\\\/wpafc\\\/wp-content\\\/uploads\\\/2020\\\/04\\\/African-Court-logo.png\",\"contentUrl\":\"https:\\\/\\\/www.african-court.org\\\/wpafc\\\/wp-content\\\/uploads\\\/2020\\\/04\\\/African-Court-logo.png\",\"width\":835,\"height\":835,\"caption\":\"African court on human and peoples' rights\"},\"image\":{\"@id\":\"https:\\\/\\\/www.african-court.org\\\/afchpr\\\/#\\\/schema\\\/logo\\\/image\\\/\"},\"sameAs\":[\"https:\\\/\\\/www.facebook.com\\\/afchpr\",\"https:\\\/\\\/www.youtube.com\\\/user\\\/africancourt\"]},{\"@type\":\"Person\",\"@id\":\"https:\\\/\\\/www.african-court.org\\\/afchpr\\\/#\\\/schema\\\/person\\\/568fec949c2f77a1c6ee12ee72b4966a\",\"name\":\"gorbiromaric\",\"image\":{\"@type\":\"ImageObject\",\"inLanguage\":\"en-US\",\"@id\":\"https:\\\/\\\/secure.gravatar.com\\\/avatar\\\/a04945442a7b840a49295088837c02edf1b7bc9f902b08ad2e55d650ffa7deb5?s=96&d=mm&r=g\",\"url\":\"https:\\\/\\\/secure.gravatar.com\\\/avatar\\\/a04945442a7b840a49295088837c02edf1b7bc9f902b08ad2e55d650ffa7deb5?s=96&d=mm&r=g\",\"contentUrl\":\"https:\\\/\\\/secure.gravatar.com\\\/avatar\\\/a04945442a7b840a49295088837c02edf1b7bc9f902b08ad2e55d650ffa7deb5?s=96&d=mm&r=g\",\"caption\":\"gorbiromaric\"},\"url\":\"https:\\\/\\\/www.african-court.org\\\/afchpr\\\/author\\\/gorbiromaric\\\/\"}]}<\/script>\n<!-- \/ Yoast SEO plugin. -->","yoast_head_json":{"title":"LA COUR AFRICAINE DES DROITS DE L\u2019HOMME ET DES PEUPLES A EFFECTU\u00c9 UNE MISSION DE SENSIBILISATION EN MAURITANIE - African Court on Human and Peoples&#039; Rights","description":"La Cour africaine des droits de l\u2019homme et des peuples effectuera une mission de sensibilisation de trois jours en R\u00e9publique Islamique du 15 au 17 ao\u00fbt 2022.","robots":{"index":"index","follow":"follow","max-snippet":"max-snippet:-1","max-image-preview":"max-image-preview:large","max-video-preview":"max-video-preview:-1"},"canonical":"https:\/\/www.african-court.org\/afchpr\/la-cour-africaine-des-droits-de-lhomme-et-des-peuples-effectuera-une-mission-de-sensibilisation-en-mauritanie-la-semaine-prochaine\/","og_locale":"en_US","og_type":"article","og_title":"LA COUR AFRICAINE DES DROITS DE L\u2019HOMME ET DES PEUPLES A EFFECTU\u00c9 UNE MISSION DE SENSIBILISATION EN MAURITANIE - African Court on Human and Peoples&#039; Rights","og_description":"La Cour africaine des droits de l\u2019homme et des peuples effectuera une mission de sensibilisation de trois jours en R\u00e9publique Islamique du 15 au 17 ao\u00fbt 2022.","og_url":"https:\/\/www.african-court.org\/afchpr\/la-cour-africaine-des-droits-de-lhomme-et-des-peuples-effectuera-une-mission-de-sensibilisation-en-mauritanie-la-semaine-prochaine\/?lang=fr","og_site_name":"African Court on Human and Peoples&#039; Rights","article_publisher":"https:\/\/www.facebook.com\/afchpr","article_published_time":"2022-08-12T11:47:42+00:00","article_modified_time":"2022-09-16T12:00:37+00:00","og_image":[{"width":2464,"height":1632,"url":"https:\/\/www.african-court.org\/afchpr\/wp-content\/uploads\/2022\/04\/Group-photo-judge-2.jpg","type":"image\/jpeg"}],"author":"gorbiromaric","twitter_card":"summary_large_image","twitter_misc":{"Written by":"gorbiromaric","Est. reading time":"3 minutes"},"schema":{"@context":"https:\/\/schema.org","@graph":[{"@type":"Article","@id":"https:\/\/www.african-court.org\/afchpr\/la-cour-africaine-des-droits-de-lhomme-et-des-peuples-effectuera-une-mission-de-sensibilisation-en-mauritanie-la-semaine-prochaine\/?lang=fr#article","isPartOf":{"@id":"https:\/\/www.african-court.org\/afchpr\/la-cour-africaine-des-droits-de-lhomme-et-des-peuples-effectuera-une-mission-de-sensibilisation-en-mauritanie-la-semaine-prochaine\/?lang=fr"},"author":{"name":"gorbiromaric","@id":"https:\/\/www.african-court.org\/afchpr\/#\/schema\/person\/568fec949c2f77a1c6ee12ee72b4966a"},"headline":"LA COUR AFRICAINE DES DROITS DE L\u2019HOMME ET DES PEUPLES A EFFECTU\u00c9 UNE MISSION DE SENSIBILISATION EN MAURITANIE","datePublished":"2022-08-12T11:47:42+00:00","dateModified":"2022-09-16T12:00:37+00:00","mainEntityOfPage":{"@id":"https:\/\/www.african-court.org\/afchpr\/la-cour-africaine-des-droits-de-lhomme-et-des-peuples-effectuera-une-mission-de-sensibilisation-en-mauritanie-la-semaine-prochaine\/?lang=fr"},"wordCount":545,"publisher":{"@id":"https:\/\/www.african-court.org\/afchpr\/#organization"},"image":{"@id":"https:\/\/www.african-court.org\/afchpr\/la-cour-africaine-des-droits-de-lhomme-et-des-peuples-effectuera-une-mission-de-sensibilisation-en-mauritanie-la-semaine-prochaine\/?lang=fr#primaryimage"},"thumbnailUrl":"https:\/\/www.african-court.org\/afchpr\/wp-content\/uploads\/2022\/04\/Group-photo-judge-2.jpg","articleSection":["Communiqu\u00e9s de Presse"],"inLanguage":"en-US"},{"@type":"WebPage","@id":"https:\/\/www.african-court.org\/afchpr\/la-cour-africaine-des-droits-de-lhomme-et-des-peuples-effectuera-une-mission-de-sensibilisation-en-mauritanie-la-semaine-prochaine\/?lang=fr","url":"https:\/\/www.african-court.org\/afchpr\/la-cour-africaine-des-droits-de-lhomme-et-des-peuples-effectuera-une-mission-de-sensibilisation-en-mauritanie-la-semaine-prochaine\/?lang=fr","name":"LA COUR AFRICAINE DES DROITS DE L\u2019HOMME ET DES PEUPLES A EFFECTU\u00c9 UNE MISSION DE SENSIBILISATION EN MAURITANIE - African Court on Human and Peoples&#039; Rights","isPartOf":{"@id":"https:\/\/www.african-court.org\/afchpr\/#website"},"primaryImageOfPage":{"@id":"https:\/\/www.african-court.org\/afchpr\/la-cour-africaine-des-droits-de-lhomme-et-des-peuples-effectuera-une-mission-de-sensibilisation-en-mauritanie-la-semaine-prochaine\/?lang=fr#primaryimage"},"image":{"@id":"https:\/\/www.african-court.org\/afchpr\/la-cour-africaine-des-droits-de-lhomme-et-des-peuples-effectuera-une-mission-de-sensibilisation-en-mauritanie-la-semaine-prochaine\/?lang=fr#primaryimage"},"thumbnailUrl":"https:\/\/www.african-court.org\/afchpr\/wp-content\/uploads\/2022\/04\/Group-photo-judge-2.jpg","datePublished":"2022-08-12T11:47:42+00:00","dateModified":"2022-09-16T12:00:37+00:00","description":"La Cour africaine des droits de l\u2019homme et des peuples effectuera une mission de sensibilisation de trois jours en R\u00e9publique Islamique du 15 au 17 ao\u00fbt 2022.","breadcrumb":{"@id":"https:\/\/www.african-court.org\/afchpr\/la-cour-africaine-des-droits-de-lhomme-et-des-peuples-effectuera-une-mission-de-sensibilisation-en-mauritanie-la-semaine-prochaine\/?lang=fr#breadcrumb"},"inLanguage":"en-US","potentialAction":[{"@type":"ReadAction","target":["https:\/\/www.african-court.org\/afchpr\/la-cour-africaine-des-droits-de-lhomme-et-des-peuples-effectuera-une-mission-de-sensibilisation-en-mauritanie-la-semaine-prochaine\/?lang=fr"]}]},{"@type":"ImageObject","inLanguage":"en-US","@id":"https:\/\/www.african-court.org\/afchpr\/la-cour-africaine-des-droits-de-lhomme-et-des-peuples-effectuera-une-mission-de-sensibilisation-en-mauritanie-la-semaine-prochaine\/?lang=fr#primaryimage","url":"https:\/\/www.african-court.org\/afchpr\/wp-content\/uploads\/2022\/04\/Group-photo-judge-2.jpg","contentUrl":"https:\/\/www.african-court.org\/afchpr\/wp-content\/uploads\/2022\/04\/Group-photo-judge-2.jpg","width":2464,"height":1632},{"@type":"BreadcrumbList","@id":"https:\/\/www.african-court.org\/afchpr\/la-cour-africaine-des-droits-de-lhomme-et-des-peuples-effectuera-une-mission-de-sensibilisation-en-mauritanie-la-semaine-prochaine\/?lang=fr#breadcrumb","itemListElement":[{"@type":"ListItem","position":1,"name":"Home","item":"https:\/\/www.african-court.org\/afchpr\/"},{"@type":"ListItem","position":2,"name":"LA COUR AFRICAINE DES DROITS DE L\u2019HOMME ET DES PEUPLES A EFFECTU\u00c9 UNE MISSION DE SENSIBILISATION EN MAURITANIE"}]},{"@type":"WebSite","@id":"https:\/\/www.african-court.org\/afchpr\/#website","url":"https:\/\/www.african-court.org\/afchpr\/","name":"African Court on Human and Peoples&#039; Rights","description":"Protecting human rights in Africa","publisher":{"@id":"https:\/\/www.african-court.org\/afchpr\/#organization"},"potentialAction":[{"@type":"SearchAction","target":{"@type":"EntryPoint","urlTemplate":"https:\/\/www.african-court.org\/afchpr\/?s={search_term_string}"},"query-input":{"@type":"PropertyValueSpecification","valueRequired":true,"valueName":"search_term_string"}}],"inLanguage":"en-US"},{"@type":"Organization","@id":"https:\/\/www.african-court.org\/afchpr\/#organization","name":"African court on human and peoples' rights","url":"https:\/\/www.african-court.org\/afchpr\/","logo":{"@type":"ImageObject","inLanguage":"en-US","@id":"https:\/\/www.african-court.org\/afchpr\/#\/schema\/logo\/image\/","url":"https:\/\/www.african-court.org\/wpafc\/wp-content\/uploads\/2020\/04\/African-Court-logo.png","contentUrl":"https:\/\/www.african-court.org\/wpafc\/wp-content\/uploads\/2020\/04\/African-Court-logo.png","width":835,"height":835,"caption":"African court on human and peoples' rights"},"image":{"@id":"https:\/\/www.african-court.org\/afchpr\/#\/schema\/logo\/image\/"},"sameAs":["https:\/\/www.facebook.com\/afchpr","https:\/\/www.youtube.com\/user\/africancourt"]},{"@type":"Person","@id":"https:\/\/www.african-court.org\/afchpr\/#\/schema\/person\/568fec949c2f77a1c6ee12ee72b4966a","name":"gorbiromaric","image":{"@type":"ImageObject","inLanguage":"en-US","@id":"https:\/\/secure.gravatar.com\/avatar\/a04945442a7b840a49295088837c02edf1b7bc9f902b08ad2e55d650ffa7deb5?s=96&d=mm&r=g","url":"https:\/\/secure.gravatar.com\/avatar\/a04945442a7b840a49295088837c02edf1b7bc9f902b08ad2e55d650ffa7deb5?s=96&d=mm&r=g","contentUrl":"https:\/\/secure.gravatar.com\/avatar\/a04945442a7b840a49295088837c02edf1b7bc9f902b08ad2e55d650ffa7deb5?s=96&d=mm&r=g","caption":"gorbiromaric"},"url":"https:\/\/www.african-court.org\/afchpr\/author\/gorbiromaric\/"}]}},"publishpress_future_action":{"enabled":false,"date":"2026-05-03 12:44:02","action":"change-status","newStatus":"draft","terms":[],"taxonomy":"category","extraData":[]},"publishpress_future_workflow_manual_trigger":{"enabledWorkflows":[]},"post_mailing_queue_ids":[],"_links":{"self":[{"href":"https:\/\/www.african-court.org\/afchpr\/wp-json\/wp\/v2\/posts\/12765","targetHints":{"allow":["GET"]}}],"collection":[{"href":"https:\/\/www.african-court.org\/afchpr\/wp-json\/wp\/v2\/posts"}],"about":[{"href":"https:\/\/www.african-court.org\/afchpr\/wp-json\/wp\/v2\/types\/post"}],"author":[{"embeddable":true,"href":"https:\/\/www.african-court.org\/afchpr\/wp-json\/wp\/v2\/users\/1"}],"replies":[{"embeddable":true,"href":"https:\/\/www.african-court.org\/afchpr\/wp-json\/wp\/v2\/comments?post=12765"}],"version-history":[{"count":4,"href":"https:\/\/www.african-court.org\/afchpr\/wp-json\/wp\/v2\/posts\/12765\/revisions"}],"predecessor-version":[{"id":13062,"href":"https:\/\/www.african-court.org\/afchpr\/wp-json\/wp\/v2\/posts\/12765\/revisions\/13062"}],"wp:featuredmedia":[{"embeddable":true,"href":"https:\/\/www.african-court.org\/afchpr\/wp-json\/wp\/v2\/media\/10882"}],"wp:attachment":[{"href":"https:\/\/www.african-court.org\/afchpr\/wp-json\/wp\/v2\/media?parent=12765"}],"wp:term":[{"taxonomy":"category","embeddable":true,"href":"https:\/\/www.african-court.org\/afchpr\/wp-json\/wp\/v2\/categories?post=12765"},{"taxonomy":"post_tag","embeddable":true,"href":"https:\/\/www.african-court.org\/afchpr\/wp-json\/wp\/v2\/tags?post=12765"}],"curies":[{"name":"wp","href":"https:\/\/api.w.org\/{rel}","templated":true}]}}