{"id":10386,"date":"2019-10-29T10:32:00","date_gmt":"2019-10-29T07:32:00","guid":{"rendered":"https:\/\/www.african-court.org\/afchpr\/declaracao-de-kampala\/"},"modified":"2022-02-27T17:28:39","modified_gmt":"2022-02-27T14:28:39","slug":"declaracao-de-kampala","status":"publish","type":"post","link":"https:\/\/www.african-court.org\/afchpr\/declaracao-de-kampala\/?lang=pt-pt","title":{"rendered":"DECLARA\u00c7\u00c3O DE KAMPALA"},"content":{"rendered":"\n<p><strong>O Tribunal Africano dos Direitos do Homem e dos Povos, o Tribunal Europeu dos Direitos do Homem e o Tribunal Interamericano dos Direitos Humanos, no Primeiro F\u00f3rum Internacional dos Direitos Humanos, que decorrer\u00e1 de 28 a 29 de Outubro de 2019.<\/strong><\/p>\n\n<p>O Tribunal Africano dos Direitos do Homem e dos Povos, o Tribunal Europeu dos Direitos do Homem e o Tribunal Interamericano dos Direitos Humanos, reunidos em Kampala, Rep\u00fablica do Uganda, de 28 a 29 de Outubro de 2019, por ocasi\u00e3o do Primeiro F\u00f3rum Internacional dos Direitos Humanos dos tr\u00eas tribunais regionais:<\/p>\n\n<p>Reafirmando o seu compromisso para com os princ\u00edpios e objectivos consagrados na Carta Africana dos Direitos do Homem e dos Povos, na Conven\u00e7\u00e3o Americana dos Direitos do Homem e na Conven\u00e7\u00e3o Europeia dos Direitos e Liberdades Fundamentais; e em outros instrumentos internacionais relevantes no dom\u00ednio dos direitos humanos, incluindo a Declara\u00e7\u00e3o Universal dos Direitos Humanos e os dois Pactos Internacionais das Na\u00e7\u00f5es Unidas;<\/p>\n\n<p>Considerando a Declara\u00e7\u00e3o de S\u00e3o Jos\u00e9, de 18 de Julho de 2018, na qual os tr\u00eas tribunais afirmaram que o respeito e a protec\u00e7\u00e3o dos direitos do homem e dos povos e o acesso \u00e0 justi\u00e7a pelas pessoas sob as suas jurisdi\u00e7\u00f5es \u00e9 uma condi\u00e7\u00e3o pr\u00e9via para o refor\u00e7o do Estado de direito e da democracia e contribui para a realiza\u00e7\u00e3o das metas e dos objectivos nacionais;<\/p>\n\n<p>Registando com enaltecimento a rela\u00e7\u00e3o cordial existente que possibilita a realiza\u00e7\u00e3o do di\u00e1logo institucional e jurisprudencial, a partilha de informa\u00e7\u00e3o e das melhores pr\u00e1ticas para o seu benef\u00edcio comum; o desejo de refor\u00e7ar essa rela\u00e7\u00e3o atrav\u00e9s da continua\u00e7\u00e3o do trabalho e dos esfor\u00e7os partilhados entre os tr\u00eas tribunais;<\/p>\n\n<p>Congratulamo-nos com a celebra\u00e7\u00e3o de um Memorando de Entendimento entre o Tribunal Africano dos Direitos do Homem e dos Povos, o Tribunal Europeu dos Direitos do Homem e o Tribunal Interamericano dos Direitos Humanos para operacionalizar o F\u00f3rum Internacional dos Humanos;<\/p>\n\n<p>Os tr\u00eas Tribunais acordaram ainda sobre o seguinte:<br\/>1. Incentivar os Estados Membros das suas respectivas organiza\u00e7\u00f5es, os parceiros, a sociedade civil e os cidad\u00e3os a contribuir e apoiar a organiza\u00e7\u00e3o cont\u00ednua do F\u00f3rum Internacional dos Direitos Humanos e os programas e as actividades do F\u00f3rum.<br\/>2. Organizar o F\u00f3rum Internacional dos Direitos Humanos bienalmente em sess\u00f5es privadas e p\u00fablicas numa base rotativa e envolvendo outros actores regionais e globais de direitos humanos, sempre que necess\u00e1rio.<br\/>3. Assegurar que as decis\u00f5es e as resolu\u00e7\u00f5es alcan\u00e7adas no F\u00f3rum s\u00e3o cumpridas e implementadas, alocando os recursos necess\u00e1rios e nomeando pontos focais para o acompanhamento necess\u00e1rio.<br\/>4. Realizar o interc\u00e2mbio de pessoal.<br\/>5. Realizar a partilha de conhecimentos atrav\u00e9s de plataformas digitais, sobre quest\u00f5es da actualidade dos direitos humanos, incluindo sobre a migra\u00e7\u00e3o, a viol\u00eancia contra as mulheres, os riscos ambientais, as altera\u00e7\u00f5es clim\u00e1ticas, a bio\u00e9tica, o terrorismo, a vigil\u00e2ncia de dados em massa, bem como sobre os m\u00e9todos de trabalho dos tr\u00eas tribunais.<br\/>6. Desenvolver cursos de aprendizagem em linha sobre v\u00e1rios aspectos destinados a proteger os direitos humanos, em particular, nas suas respectivas jurisdi\u00e7\u00f5es, bem como a n\u00edvel global.<br\/>7. Publicar anualmente um relat\u00f3rio electr\u00f3nico\/digital sobre os principais ac\u00f3rd\u00e3os dos tr\u00eas tribunais com coment\u00e1rios, quando necess\u00e1rio, e tendo em considera\u00e7\u00e3o as l\u00ednguas de trabalho dos respectivos tribunais.<br\/>8. Refor\u00e7ar o di\u00e1logo e partilhar jurisprud\u00eancia com os tribunais nacionais, como um dos mecanismos para assegurar a refer\u00eancia pelos tribunais nacionais aos ac\u00f3rd\u00e3os dos tribunais regionais e contribuir para a execu\u00e7\u00e3o desses ac\u00f3rd\u00e3os a longo prazo.<\/p>\n\n<p><br\/>Decidir que a pr\u00f3xima reuni\u00e3o do F\u00f3rum ser\u00e1 organizada pelo Tribunal Europeu dos Direitos do Homem, em Estrasburgo, Fran\u00e7a, em 2021;<br\/>Felicitar o Tribunal Africano pela organiza\u00e7\u00e3o bem sucedida da edi\u00e7\u00e3o inaugural do F\u00f3rum;<br\/>Agradecer ao Governo e ao Povo da Rep\u00fablica do Uganda pelo excelente acolhimento desta reuni\u00e3o, bem como \u00e0 Uni\u00e3o Europeia pelo precioso apoio financeiro.<\/p>\n\n<p><br\/>Assinado em Kampala, Uganda, no dia 29 de Outubro de 2019<\/p>\n\n<div class=\"wp-block-columns is-layout-flex wp-container-core-columns-is-layout-9d6595d7 wp-block-columns-is-layout-flex\">\n<div class=\"wp-block-column is-layout-flow wp-block-column-is-layout-flow\"><\/div>\n\n\n\n<div class=\"wp-block-column is-layout-flow wp-block-column-is-layout-flow\"><\/div>\n\n\n\n<div class=\"wp-block-column is-layout-flow wp-block-column-is-layout-flow\">\n<p><\/p>\n<\/div>\n<\/div>\n\n<figure class=\"wp-block-table\"><table><tbody><tr><td><strong>Sylvain Or\u00e9<\/strong>, Presidente do Tribunal Africano dos Direitos do Homem e dos Povos<\/td><td><strong>Angelika Nussberger, <\/strong>Vice-Presidente do Tribunal Europeu dos Direitos do Homem <strong>   <\/strong> <\/td><td><strong>Eduardo Ferrer Mac-Gregor Poisot<\/strong>, Presidente do Tribunal Interamericano dos Direitos Humanos<\/td><\/tr><\/tbody><\/table><\/figure>\n","protected":false},"excerpt":{"rendered":"<p>O Tribunal Africano dos Direitos do Homem e dos Povos, o Tribunal Europeu dos Direitos do Homem e o Tribunal Interamericano dos Direitos Humanos, no Primeiro F\u00f3rum Internacional dos Direitos Humanos, que decorrer\u00e1 de 28 a 29 de Outubro de 2019. O Tribunal Africano dos Direitos do Homem e dos Povos, o Tribunal Europeu dos [&hellip;]<\/p>\n","protected":false},"author":1,"featured_media":0,"comment_status":"closed","ping_status":"closed","sticky":false,"template":"","format":"standard","meta":{"jnews-multi-image_gallery":[],"jnews_single_post":[],"jnews_primary_category":[],"jnews_social_meta":[],"jnews_override_counter":[],"jnews_post_split":[],"footnotes":""},"categories":[226,218],"tags":[],"class_list":["post-10386","post","type-post","status-publish","format-standard","hentry","category-comunicado-de-imprensa","category-imprensa"],"yoast_head":"<!-- This site is optimized with the Yoast SEO plugin v27.4 - https:\/\/yoast.com\/product\/yoast-seo-wordpress\/ -->\n<title>DECLARA\u00c7\u00c3O DE KAMPALA - African Court on Human and Peoples&#039; Rights<\/title>\n<meta name=\"robots\" content=\"index, follow, max-snippet:-1, max-image-preview:large, max-video-preview:-1\" \/>\n<link rel=\"canonical\" href=\"https:\/\/www.african-court.org\/afchpr\/declaracao-de-kampala\/\" \/>\n<meta property=\"og:locale\" content=\"en_US\" \/>\n<meta property=\"og:type\" content=\"article\" \/>\n<meta property=\"og:title\" content=\"DECLARA\u00c7\u00c3O DE KAMPALA - African Court on Human and Peoples&#039; Rights\" \/>\n<meta property=\"og:description\" content=\"O Tribunal Africano dos Direitos do Homem e dos Povos, o Tribunal Europeu dos Direitos do Homem e o Tribunal Interamericano dos Direitos Humanos, no Primeiro F\u00f3rum Internacional dos Direitos Humanos, que decorrer\u00e1 de 28 a 29 de Outubro de 2019. O Tribunal Africano dos Direitos do Homem e dos Povos, o Tribunal Europeu dos [&hellip;]\" \/>\n<meta property=\"og:url\" content=\"https:\/\/www.african-court.org\/afchpr\/declaracao-de-kampala\/?lang=pt-pt\" \/>\n<meta property=\"og:site_name\" content=\"African Court on Human and Peoples&#039; Rights\" \/>\n<meta property=\"article:publisher\" content=\"https:\/\/www.facebook.com\/afchpr\" \/>\n<meta property=\"article:published_time\" content=\"2019-10-29T07:32:00+00:00\" \/>\n<meta property=\"article:modified_time\" content=\"2022-02-27T14:28:39+00:00\" \/>\n<meta name=\"author\" content=\"gorbiromaric\" \/>\n<meta name=\"twitter:card\" content=\"summary_large_image\" \/>\n<meta name=\"twitter:label1\" content=\"Written by\" \/>\n\t<meta name=\"twitter:data1\" content=\"gorbiromaric\" \/>\n\t<meta name=\"twitter:label2\" content=\"Est. reading time\" \/>\n\t<meta name=\"twitter:data2\" content=\"4 minutes\" \/>\n<script type=\"application\/ld+json\" class=\"yoast-schema-graph\">{\"@context\":\"https:\\\/\\\/schema.org\",\"@graph\":[{\"@type\":\"Article\",\"@id\":\"https:\\\/\\\/www.african-court.org\\\/afchpr\\\/declaracao-de-kampala\\\/?lang=pt-pt#article\",\"isPartOf\":{\"@id\":\"https:\\\/\\\/www.african-court.org\\\/afchpr\\\/declaracao-de-kampala\\\/?lang=pt-pt\"},\"author\":{\"name\":\"gorbiromaric\",\"@id\":\"https:\\\/\\\/www.african-court.org\\\/afchpr\\\/#\\\/schema\\\/person\\\/568fec949c2f77a1c6ee12ee72b4966a\"},\"headline\":\"DECLARA\u00c7\u00c3O DE KAMPALA\",\"datePublished\":\"2019-10-29T07:32:00+00:00\",\"dateModified\":\"2022-02-27T14:28:39+00:00\",\"mainEntityOfPage\":{\"@id\":\"https:\\\/\\\/www.african-court.org\\\/afchpr\\\/declaracao-de-kampala\\\/?lang=pt-pt\"},\"wordCount\":745,\"publisher\":{\"@id\":\"https:\\\/\\\/www.african-court.org\\\/afchpr\\\/#organization\"},\"articleSection\":[\"Comunicado de Imprensa\",\"Imprensa\"],\"inLanguage\":\"en-US\"},{\"@type\":\"WebPage\",\"@id\":\"https:\\\/\\\/www.african-court.org\\\/afchpr\\\/declaracao-de-kampala\\\/?lang=pt-pt\",\"url\":\"https:\\\/\\\/www.african-court.org\\\/afchpr\\\/declaracao-de-kampala\\\/?lang=pt-pt\",\"name\":\"DECLARA\u00c7\u00c3O DE KAMPALA - African Court on Human and Peoples&#039; Rights\",\"isPartOf\":{\"@id\":\"https:\\\/\\\/www.african-court.org\\\/afchpr\\\/#website\"},\"datePublished\":\"2019-10-29T07:32:00+00:00\",\"dateModified\":\"2022-02-27T14:28:39+00:00\",\"breadcrumb\":{\"@id\":\"https:\\\/\\\/www.african-court.org\\\/afchpr\\\/declaracao-de-kampala\\\/?lang=pt-pt#breadcrumb\"},\"inLanguage\":\"en-US\",\"potentialAction\":[{\"@type\":\"ReadAction\",\"target\":[\"https:\\\/\\\/www.african-court.org\\\/afchpr\\\/declaracao-de-kampala\\\/?lang=pt-pt\"]}]},{\"@type\":\"BreadcrumbList\",\"@id\":\"https:\\\/\\\/www.african-court.org\\\/afchpr\\\/declaracao-de-kampala\\\/?lang=pt-pt#breadcrumb\",\"itemListElement\":[{\"@type\":\"ListItem\",\"position\":1,\"name\":\"Home\",\"item\":\"https:\\\/\\\/www.african-court.org\\\/afchpr\\\/\"},{\"@type\":\"ListItem\",\"position\":2,\"name\":\"DECLARA\u00c7\u00c3O DE KAMPALA\"}]},{\"@type\":\"WebSite\",\"@id\":\"https:\\\/\\\/www.african-court.org\\\/afchpr\\\/#website\",\"url\":\"https:\\\/\\\/www.african-court.org\\\/afchpr\\\/\",\"name\":\"African Court on Human and Peoples&#039; Rights\",\"description\":\"Protecting human rights in Africa\",\"publisher\":{\"@id\":\"https:\\\/\\\/www.african-court.org\\\/afchpr\\\/#organization\"},\"potentialAction\":[{\"@type\":\"SearchAction\",\"target\":{\"@type\":\"EntryPoint\",\"urlTemplate\":\"https:\\\/\\\/www.african-court.org\\\/afchpr\\\/?s={search_term_string}\"},\"query-input\":{\"@type\":\"PropertyValueSpecification\",\"valueRequired\":true,\"valueName\":\"search_term_string\"}}],\"inLanguage\":\"en-US\"},{\"@type\":\"Organization\",\"@id\":\"https:\\\/\\\/www.african-court.org\\\/afchpr\\\/#organization\",\"name\":\"African court on human and peoples' rights\",\"url\":\"https:\\\/\\\/www.african-court.org\\\/afchpr\\\/\",\"logo\":{\"@type\":\"ImageObject\",\"inLanguage\":\"en-US\",\"@id\":\"https:\\\/\\\/www.african-court.org\\\/afchpr\\\/#\\\/schema\\\/logo\\\/image\\\/\",\"url\":\"https:\\\/\\\/www.african-court.org\\\/wpafc\\\/wp-content\\\/uploads\\\/2020\\\/04\\\/African-Court-logo.png\",\"contentUrl\":\"https:\\\/\\\/www.african-court.org\\\/wpafc\\\/wp-content\\\/uploads\\\/2020\\\/04\\\/African-Court-logo.png\",\"width\":835,\"height\":835,\"caption\":\"African court on human and peoples' rights\"},\"image\":{\"@id\":\"https:\\\/\\\/www.african-court.org\\\/afchpr\\\/#\\\/schema\\\/logo\\\/image\\\/\"},\"sameAs\":[\"https:\\\/\\\/www.facebook.com\\\/afchpr\",\"https:\\\/\\\/www.youtube.com\\\/user\\\/africancourt\"]},{\"@type\":\"Person\",\"@id\":\"https:\\\/\\\/www.african-court.org\\\/afchpr\\\/#\\\/schema\\\/person\\\/568fec949c2f77a1c6ee12ee72b4966a\",\"name\":\"gorbiromaric\",\"image\":{\"@type\":\"ImageObject\",\"inLanguage\":\"en-US\",\"@id\":\"https:\\\/\\\/secure.gravatar.com\\\/avatar\\\/a04945442a7b840a49295088837c02edf1b7bc9f902b08ad2e55d650ffa7deb5?s=96&d=mm&r=g\",\"url\":\"https:\\\/\\\/secure.gravatar.com\\\/avatar\\\/a04945442a7b840a49295088837c02edf1b7bc9f902b08ad2e55d650ffa7deb5?s=96&d=mm&r=g\",\"contentUrl\":\"https:\\\/\\\/secure.gravatar.com\\\/avatar\\\/a04945442a7b840a49295088837c02edf1b7bc9f902b08ad2e55d650ffa7deb5?s=96&d=mm&r=g\",\"caption\":\"gorbiromaric\"},\"url\":\"https:\\\/\\\/www.african-court.org\\\/afchpr\\\/author\\\/gorbiromaric\\\/\"}]}<\/script>\n<!-- \/ Yoast SEO plugin. -->","yoast_head_json":{"title":"DECLARA\u00c7\u00c3O DE KAMPALA - African Court on Human and Peoples&#039; Rights","robots":{"index":"index","follow":"follow","max-snippet":"max-snippet:-1","max-image-preview":"max-image-preview:large","max-video-preview":"max-video-preview:-1"},"canonical":"https:\/\/www.african-court.org\/afchpr\/declaracao-de-kampala\/","og_locale":"en_US","og_type":"article","og_title":"DECLARA\u00c7\u00c3O DE KAMPALA - African Court on Human and Peoples&#039; Rights","og_description":"O Tribunal Africano dos Direitos do Homem e dos Povos, o Tribunal Europeu dos Direitos do Homem e o Tribunal Interamericano dos Direitos Humanos, no Primeiro F\u00f3rum Internacional dos Direitos Humanos, que decorrer\u00e1 de 28 a 29 de Outubro de 2019. O Tribunal Africano dos Direitos do Homem e dos Povos, o Tribunal Europeu dos [&hellip;]","og_url":"https:\/\/www.african-court.org\/afchpr\/declaracao-de-kampala\/?lang=pt-pt","og_site_name":"African Court on Human and Peoples&#039; Rights","article_publisher":"https:\/\/www.facebook.com\/afchpr","article_published_time":"2019-10-29T07:32:00+00:00","article_modified_time":"2022-02-27T14:28:39+00:00","author":"gorbiromaric","twitter_card":"summary_large_image","twitter_misc":{"Written by":"gorbiromaric","Est. reading time":"4 minutes"},"schema":{"@context":"https:\/\/schema.org","@graph":[{"@type":"Article","@id":"https:\/\/www.african-court.org\/afchpr\/declaracao-de-kampala\/?lang=pt-pt#article","isPartOf":{"@id":"https:\/\/www.african-court.org\/afchpr\/declaracao-de-kampala\/?lang=pt-pt"},"author":{"name":"gorbiromaric","@id":"https:\/\/www.african-court.org\/afchpr\/#\/schema\/person\/568fec949c2f77a1c6ee12ee72b4966a"},"headline":"DECLARA\u00c7\u00c3O DE KAMPALA","datePublished":"2019-10-29T07:32:00+00:00","dateModified":"2022-02-27T14:28:39+00:00","mainEntityOfPage":{"@id":"https:\/\/www.african-court.org\/afchpr\/declaracao-de-kampala\/?lang=pt-pt"},"wordCount":745,"publisher":{"@id":"https:\/\/www.african-court.org\/afchpr\/#organization"},"articleSection":["Comunicado de Imprensa","Imprensa"],"inLanguage":"en-US"},{"@type":"WebPage","@id":"https:\/\/www.african-court.org\/afchpr\/declaracao-de-kampala\/?lang=pt-pt","url":"https:\/\/www.african-court.org\/afchpr\/declaracao-de-kampala\/?lang=pt-pt","name":"DECLARA\u00c7\u00c3O DE KAMPALA - African Court on Human and Peoples&#039; Rights","isPartOf":{"@id":"https:\/\/www.african-court.org\/afchpr\/#website"},"datePublished":"2019-10-29T07:32:00+00:00","dateModified":"2022-02-27T14:28:39+00:00","breadcrumb":{"@id":"https:\/\/www.african-court.org\/afchpr\/declaracao-de-kampala\/?lang=pt-pt#breadcrumb"},"inLanguage":"en-US","potentialAction":[{"@type":"ReadAction","target":["https:\/\/www.african-court.org\/afchpr\/declaracao-de-kampala\/?lang=pt-pt"]}]},{"@type":"BreadcrumbList","@id":"https:\/\/www.african-court.org\/afchpr\/declaracao-de-kampala\/?lang=pt-pt#breadcrumb","itemListElement":[{"@type":"ListItem","position":1,"name":"Home","item":"https:\/\/www.african-court.org\/afchpr\/"},{"@type":"ListItem","position":2,"name":"DECLARA\u00c7\u00c3O DE KAMPALA"}]},{"@type":"WebSite","@id":"https:\/\/www.african-court.org\/afchpr\/#website","url":"https:\/\/www.african-court.org\/afchpr\/","name":"African Court on Human and Peoples&#039; Rights","description":"Protecting human rights in Africa","publisher":{"@id":"https:\/\/www.african-court.org\/afchpr\/#organization"},"potentialAction":[{"@type":"SearchAction","target":{"@type":"EntryPoint","urlTemplate":"https:\/\/www.african-court.org\/afchpr\/?s={search_term_string}"},"query-input":{"@type":"PropertyValueSpecification","valueRequired":true,"valueName":"search_term_string"}}],"inLanguage":"en-US"},{"@type":"Organization","@id":"https:\/\/www.african-court.org\/afchpr\/#organization","name":"African court on human and peoples' rights","url":"https:\/\/www.african-court.org\/afchpr\/","logo":{"@type":"ImageObject","inLanguage":"en-US","@id":"https:\/\/www.african-court.org\/afchpr\/#\/schema\/logo\/image\/","url":"https:\/\/www.african-court.org\/wpafc\/wp-content\/uploads\/2020\/04\/African-Court-logo.png","contentUrl":"https:\/\/www.african-court.org\/wpafc\/wp-content\/uploads\/2020\/04\/African-Court-logo.png","width":835,"height":835,"caption":"African court on human and peoples' rights"},"image":{"@id":"https:\/\/www.african-court.org\/afchpr\/#\/schema\/logo\/image\/"},"sameAs":["https:\/\/www.facebook.com\/afchpr","https:\/\/www.youtube.com\/user\/africancourt"]},{"@type":"Person","@id":"https:\/\/www.african-court.org\/afchpr\/#\/schema\/person\/568fec949c2f77a1c6ee12ee72b4966a","name":"gorbiromaric","image":{"@type":"ImageObject","inLanguage":"en-US","@id":"https:\/\/secure.gravatar.com\/avatar\/a04945442a7b840a49295088837c02edf1b7bc9f902b08ad2e55d650ffa7deb5?s=96&d=mm&r=g","url":"https:\/\/secure.gravatar.com\/avatar\/a04945442a7b840a49295088837c02edf1b7bc9f902b08ad2e55d650ffa7deb5?s=96&d=mm&r=g","contentUrl":"https:\/\/secure.gravatar.com\/avatar\/a04945442a7b840a49295088837c02edf1b7bc9f902b08ad2e55d650ffa7deb5?s=96&d=mm&r=g","caption":"gorbiromaric"},"url":"https:\/\/www.african-court.org\/afchpr\/author\/gorbiromaric\/"}]}},"publishpress_future_action":{"enabled":false,"date":"2026-05-03 14:11:57","action":"change-status","newStatus":"draft","terms":[],"taxonomy":"category","extraData":[]},"publishpress_future_workflow_manual_trigger":{"enabledWorkflows":[]},"post_mailing_queue_ids":[],"_links":{"self":[{"href":"https:\/\/www.african-court.org\/afchpr\/wp-json\/wp\/v2\/posts\/10386","targetHints":{"allow":["GET"]}}],"collection":[{"href":"https:\/\/www.african-court.org\/afchpr\/wp-json\/wp\/v2\/posts"}],"about":[{"href":"https:\/\/www.african-court.org\/afchpr\/wp-json\/wp\/v2\/types\/post"}],"author":[{"embeddable":true,"href":"https:\/\/www.african-court.org\/afchpr\/wp-json\/wp\/v2\/users\/1"}],"replies":[{"embeddable":true,"href":"https:\/\/www.african-court.org\/afchpr\/wp-json\/wp\/v2\/comments?post=10386"}],"version-history":[{"count":3,"href":"https:\/\/www.african-court.org\/afchpr\/wp-json\/wp\/v2\/posts\/10386\/revisions"}],"predecessor-version":[{"id":10389,"href":"https:\/\/www.african-court.org\/afchpr\/wp-json\/wp\/v2\/posts\/10386\/revisions\/10389"}],"wp:attachment":[{"href":"https:\/\/www.african-court.org\/afchpr\/wp-json\/wp\/v2\/media?parent=10386"}],"wp:term":[{"taxonomy":"category","embeddable":true,"href":"https:\/\/www.african-court.org\/afchpr\/wp-json\/wp\/v2\/categories?post=10386"},{"taxonomy":"post_tag","embeddable":true,"href":"https:\/\/www.african-court.org\/afchpr\/wp-json\/wp\/v2\/tags?post=10386"}],"curies":[{"name":"wp","href":"https:\/\/api.w.org\/{rel}","templated":true}]}}